{"id":1179,"date":"2021-03-13T11:46:19","date_gmt":"2021-03-13T11:46:19","guid":{"rendered":"https:\/\/wp.sscvellmar.de\/?p=1179"},"modified":"2021-03-13T13:35:42","modified_gmt":"2021-03-13T13:35:42","slug":"1179","status":"publish","type":"post","link":"https:\/\/sscvellmar.de\/wp\/2021\/03\/1179\/","title":{"rendered":"Liebe SSCer\u00a0\ud83e\udde1\ud83d\udda4\ud83e\udde1  ab 14.03.21 wieder gemeinsames &#8222;reales&#8220; Training"},"content":{"rendered":"<p><b>Liebe SSCer\u00a0<\/b>\ud83e\udde1\ud83d\udda4\ud83e\udde1 wir k\u00f6nnen ab 14.03.21 wieder ein gemeinsames &#8222;reales&#8220; Training unter Einhaltung spezieller Anstandsregeln und Hygienema\u00dfnahmen auf unserem Sportplatz anbieten!!!<\/p>\n<p>Da Voranmeldung und Anwesenheitslisten n\u00f6tig sind kommunizieren wir aktuell \u00fcber einen gemeinsamen Chat &#8211; wer hierzu noch keinen Zugang hat meldet sich bitte per Nachricht bei Carmen H: 01786207186<\/p>\n<p>#gemeinsam.gegen.corona: Bitte haltet alle Abstands- und Hygieneregeln ein!!! \ud83d\ude37\ud83c\udf40\ud83d\udcaa\ud83c\udffe<\/p>\n<p>&nbsp;<\/p>\n<p><img fetchpriority=\"high\" decoding=\"async\" class=\"wp-image-1190 aligncenter\" src=\"https:\/\/wp.sscvellmar.de\/wp-content\/uploads\/2021\/03\/IMG_3431-2-1-300x143.jpg\" alt=\"\" width=\"550\" height=\"262\" srcset=\"https:\/\/sscvellmar.de\/wp\/wp-content\/uploads\/2021\/03\/IMG_3431-2-1-300x143.jpg 300w, https:\/\/sscvellmar.de\/wp\/wp-content\/uploads\/2021\/03\/IMG_3431-2-1-1024x487.jpg 1024w, https:\/\/sscvellmar.de\/wp\/wp-content\/uploads\/2021\/03\/IMG_3431-2-1-768x365.jpg 768w, https:\/\/sscvellmar.de\/wp\/wp-content\/uploads\/2021\/03\/IMG_3431-2-1-1536x730.jpg 1536w, https:\/\/sscvellmar.de\/wp\/wp-content\/uploads\/2021\/03\/IMG_3431-2-1-2048x973.jpg 2048w\" sizes=\"(max-width: 550px) 100vw, 550px\" \/><\/p>\n<p><span style=\"font-size: 10pt; color: #808080;\">Ab 14.03.21 k\u00f6nnen wir wieder gemeinsam mit euch zusammen Sport treiben. <\/span><br \/>\n<span style=\"font-size: 10pt; color: #808080;\">Dabei wollen wir<span class=\"Apple-converted-space\">\u00a0 <\/span>euch\/uns und euere Angeh\u00f6rigen, im Rahmen der Corona Pandemie, so wenig wie m\u00f6glich gef\u00e4hrden. <\/span><br \/>\n<span style=\"font-size: 10pt; color: #808080;\">Aktuell steigt die 7-Tage-Inzidenz in Hessen an und durch die Virusvarianten (insbesondere UK B1.1.7) ist das \u00dcbertragungsrisiko erh\u00f6ht. Die Begegnungen sind durch die \u00d6ffnungsma\u00dfnahmen parallel dazu und damit das Risiko ebenfalls gesteigert\u2026<\/span><\/p>\n<p><span style=\"font-size: 10pt; color: #808080;\">Die gr\u00f6\u00dften Virus\u00fcbertragungsraten (Tr\u00f6pfchen, Aerosole) finden leider unter sportlicher Bet\u00e4tigung im geschlossen Raum (Sporthalle) statt. <\/span><span style=\"font-size: 10pt; color: #808080;\">Daher findet unser Training auf unserem Sportplatz statt, bitte entsprechende Sportkleidung ausw\u00e4hlen.<\/span><\/p>\n<p><span style=\"font-size: 10pt; color: #808080;\">Anmeldung zum Training und weitere Informationen im Abteilungschat &#8211; Zugang \u00fcber Carmen H: 01786207186<\/span><\/p>\n","protected":false},"excerpt":{"rendered":"<p>Liebe SSCer\u00a0\ud83e\udde1\ud83d\udda4\ud83e\udde1 wir k\u00f6nnen ab 14.03.21 wieder ein gemeinsames &#8222;reales&#8220; Training unter Einhaltung spezieller Anstandsregeln und Hygienema\u00dfnahmen auf unserem Sportplatz anbieten!!! Da Voranmeldung und Anwesenheitslisten n\u00f6tig sind kommunizieren wir aktuell [&hellip;]<\/p>\n","protected":false},"author":5,"featured_media":1189,"comment_status":"closed","ping_status":"open","sticky":false,"template":"","format":"standard","meta":{"footnotes":""},"categories":[5],"tags":[],"class_list":["post-1179","post","type-post","status-publish","format-standard","has-post-thumbnail","hentry","category-leichtathletik"],"yoast_head":"<!-- This site is optimized with the Yoast SEO plugin v27.4 - https:\/\/yoast.com\/product\/yoast-seo-wordpress\/ -->\n<title>Liebe SSCer\u00a0\ud83e\udde1\ud83d\udda4\ud83e\udde1 ab 14.03.21 wieder gemeinsames &quot;reales&quot; Training - SSC Vellmar LA+RKS+LSW Kalender<\/title>\n<meta name=\"robots\" content=\"index, follow, max-snippet:-1, max-image-preview:large, max-video-preview:-1\" \/>\n<link rel=\"canonical\" href=\"https:\/\/sscvellmar.de\/wp\/2021\/03\/1179\/\" \/>\n<meta property=\"og:locale\" content=\"de_DE\" \/>\n<meta property=\"og:type\" content=\"article\" \/>\n<meta property=\"og:title\" content=\"Liebe SSCer\u00a0\ud83e\udde1\ud83d\udda4\ud83e\udde1 ab 14.03.21 wieder gemeinsames &quot;reales&quot; Training - SSC Vellmar LA+RKS+LSW Kalender\" \/>\n<meta property=\"og:description\" content=\"Liebe SSCer\u00a0\ud83e\udde1\ud83d\udda4\ud83e\udde1 wir k\u00f6nnen ab 14.03.21 wieder ein gemeinsames &#8222;reales&#8220; Training unter Einhaltung spezieller Anstandsregeln und Hygienema\u00dfnahmen auf unserem Sportplatz anbieten!!! Da Voranmeldung und Anwesenheitslisten n\u00f6tig sind kommunizieren wir aktuell [&hellip;]\" \/>\n<meta property=\"og:url\" content=\"https:\/\/sscvellmar.de\/wp\/2021\/03\/1179\/\" \/>\n<meta property=\"og:site_name\" content=\"SSC Vellmar LA+RKS+LSW Kalender\" \/>\n<meta property=\"article:published_time\" content=\"2021-03-13T11:46:19+00:00\" \/>\n<meta property=\"article:modified_time\" content=\"2021-03-13T13:35:42+00:00\" \/>\n<meta property=\"og:image\" content=\"https:\/\/sscvellmar.de\/wp\/wp-content\/uploads\/2021\/03\/IMG_3431-2-scaled.jpg\" \/>\n\t<meta property=\"og:image:width\" content=\"2560\" \/>\n\t<meta property=\"og:image:height\" content=\"1216\" \/>\n\t<meta property=\"og:image:type\" content=\"image\/jpeg\" \/>\n<meta name=\"author\" content=\"Carmen T.\" \/>\n<meta name=\"twitter:card\" content=\"summary_large_image\" \/>\n<meta name=\"twitter:label1\" content=\"Verfasst von\" \/>\n\t<meta name=\"twitter:data1\" content=\"Carmen T.\" \/>\n\t<meta name=\"twitter:label2\" content=\"Gesch\u00e4tzte Lesezeit\" \/>\n\t<meta name=\"twitter:data2\" content=\"1\u00a0Minute\" \/>\n<script type=\"application\/ld+json\" class=\"yoast-schema-graph\">{\"@context\":\"https:\\\/\\\/schema.org\",\"@graph\":[{\"@type\":\"Article\",\"@id\":\"https:\\\/\\\/sscvellmar.de\\\/wp\\\/2021\\\/03\\\/1179\\\/#article\",\"isPartOf\":{\"@id\":\"https:\\\/\\\/sscvellmar.de\\\/wp\\\/2021\\\/03\\\/1179\\\/\"},\"author\":{\"name\":\"Carmen T.\",\"@id\":\"https:\\\/\\\/sscvellmar.de\\\/wp\\\/#\\\/schema\\\/person\\\/8c61269e9b29912048c39c53318424ce\"},\"headline\":\"Liebe SSCer\u00a0\ud83e\udde1\ud83d\udda4\ud83e\udde1 ab 14.03.21 wieder gemeinsames &#8222;reales&#8220; Training\",\"datePublished\":\"2021-03-13T11:46:19+00:00\",\"dateModified\":\"2021-03-13T13:35:42+00:00\",\"mainEntityOfPage\":{\"@id\":\"https:\\\/\\\/sscvellmar.de\\\/wp\\\/2021\\\/03\\\/1179\\\/\"},\"wordCount\":180,\"publisher\":{\"@id\":\"https:\\\/\\\/sscvellmar.de\\\/wp\\\/#organization\"},\"image\":{\"@id\":\"https:\\\/\\\/sscvellmar.de\\\/wp\\\/2021\\\/03\\\/1179\\\/#primaryimage\"},\"thumbnailUrl\":\"https:\\\/\\\/sscvellmar.de\\\/wp\\\/wp-content\\\/uploads\\\/2021\\\/03\\\/IMG_3431-2-scaled.jpg\",\"articleSection\":[\"NEWS Leichtathletik+ RKS+ LSW\"],\"inLanguage\":\"de\"},{\"@type\":\"WebPage\",\"@id\":\"https:\\\/\\\/sscvellmar.de\\\/wp\\\/2021\\\/03\\\/1179\\\/\",\"url\":\"https:\\\/\\\/sscvellmar.de\\\/wp\\\/2021\\\/03\\\/1179\\\/\",\"name\":\"Liebe SSCer\u00a0\ud83e\udde1\ud83d\udda4\ud83e\udde1 ab 14.03.21 wieder gemeinsames \\\"reales\\\" Training - SSC Vellmar LA+RKS+LSW Kalender\",\"isPartOf\":{\"@id\":\"https:\\\/\\\/sscvellmar.de\\\/wp\\\/#website\"},\"primaryImageOfPage\":{\"@id\":\"https:\\\/\\\/sscvellmar.de\\\/wp\\\/2021\\\/03\\\/1179\\\/#primaryimage\"},\"image\":{\"@id\":\"https:\\\/\\\/sscvellmar.de\\\/wp\\\/2021\\\/03\\\/1179\\\/#primaryimage\"},\"thumbnailUrl\":\"https:\\\/\\\/sscvellmar.de\\\/wp\\\/wp-content\\\/uploads\\\/2021\\\/03\\\/IMG_3431-2-scaled.jpg\",\"datePublished\":\"2021-03-13T11:46:19+00:00\",\"dateModified\":\"2021-03-13T13:35:42+00:00\",\"breadcrumb\":{\"@id\":\"https:\\\/\\\/sscvellmar.de\\\/wp\\\/2021\\\/03\\\/1179\\\/#breadcrumb\"},\"inLanguage\":\"de\",\"potentialAction\":[{\"@type\":\"ReadAction\",\"target\":[\"https:\\\/\\\/sscvellmar.de\\\/wp\\\/2021\\\/03\\\/1179\\\/\"]}]},{\"@type\":\"ImageObject\",\"inLanguage\":\"de\",\"@id\":\"https:\\\/\\\/sscvellmar.de\\\/wp\\\/2021\\\/03\\\/1179\\\/#primaryimage\",\"url\":\"https:\\\/\\\/sscvellmar.de\\\/wp\\\/wp-content\\\/uploads\\\/2021\\\/03\\\/IMG_3431-2-scaled.jpg\",\"contentUrl\":\"https:\\\/\\\/sscvellmar.de\\\/wp\\\/wp-content\\\/uploads\\\/2021\\\/03\\\/IMG_3431-2-scaled.jpg\",\"width\":2560,\"height\":1216},{\"@type\":\"BreadcrumbList\",\"@id\":\"https:\\\/\\\/sscvellmar.de\\\/wp\\\/2021\\\/03\\\/1179\\\/#breadcrumb\",\"itemListElement\":[{\"@type\":\"ListItem\",\"position\":1,\"name\":\"Startseite\",\"item\":\"https:\\\/\\\/sscvellmar.de\\\/wp\\\/\"},{\"@type\":\"ListItem\",\"position\":2,\"name\":\"Liebe SSCer\u00a0\ud83e\udde1\ud83d\udda4\ud83e\udde1 ab 14.03.21 wieder gemeinsames &#8220;reales&#8221; Training\"}]},{\"@type\":\"WebSite\",\"@id\":\"https:\\\/\\\/sscvellmar.de\\\/wp\\\/#website\",\"url\":\"https:\\\/\\\/sscvellmar.de\\\/wp\\\/\",\"name\":\"SSC Vellmar LA+RKS+LSW Kalender\",\"description\":\"SSC Vellmar von 1973 e.V.\",\"publisher\":{\"@id\":\"https:\\\/\\\/sscvellmar.de\\\/wp\\\/#organization\"},\"potentialAction\":[{\"@type\":\"SearchAction\",\"target\":{\"@type\":\"EntryPoint\",\"urlTemplate\":\"https:\\\/\\\/sscvellmar.de\\\/wp\\\/?s={search_term_string}\"},\"query-input\":{\"@type\":\"PropertyValueSpecification\",\"valueRequired\":true,\"valueName\":\"search_term_string\"}}],\"inLanguage\":\"de\"},{\"@type\":\"Organization\",\"@id\":\"https:\\\/\\\/sscvellmar.de\\\/wp\\\/#organization\",\"name\":\"SSC Vellmar LA+RKS+LSW Kalender\",\"url\":\"https:\\\/\\\/sscvellmar.de\\\/wp\\\/\",\"logo\":{\"@type\":\"ImageObject\",\"inLanguage\":\"de\",\"@id\":\"https:\\\/\\\/sscvellmar.de\\\/wp\\\/#\\\/schema\\\/logo\\\/image\\\/\",\"url\":\"https:\\\/\\\/sscvellmar.de\\\/wp\\\/wp-content\\\/uploads\\\/2024\\\/12\\\/Bild.heic\",\"contentUrl\":\"https:\\\/\\\/sscvellmar.de\\\/wp\\\/wp-content\\\/uploads\\\/2024\\\/12\\\/Bild.heic\",\"caption\":\"SSC Vellmar LA+RKS+LSW Kalender\"},\"image\":{\"@id\":\"https:\\\/\\\/sscvellmar.de\\\/wp\\\/#\\\/schema\\\/logo\\\/image\\\/\"}},{\"@type\":\"Person\",\"@id\":\"https:\\\/\\\/sscvellmar.de\\\/wp\\\/#\\\/schema\\\/person\\\/8c61269e9b29912048c39c53318424ce\",\"name\":\"Carmen T.\",\"image\":{\"@type\":\"ImageObject\",\"inLanguage\":\"de\",\"@id\":\"https:\\\/\\\/secure.gravatar.com\\\/avatar\\\/44569c05fe11e8c35b2686476404a7ab56458c2f87fe972d473fc5c53aabba35?s=96&d=mm&r=g\",\"url\":\"https:\\\/\\\/secure.gravatar.com\\\/avatar\\\/44569c05fe11e8c35b2686476404a7ab56458c2f87fe972d473fc5c53aabba35?s=96&d=mm&r=g\",\"contentUrl\":\"https:\\\/\\\/secure.gravatar.com\\\/avatar\\\/44569c05fe11e8c35b2686476404a7ab56458c2f87fe972d473fc5c53aabba35?s=96&d=mm&r=g\",\"caption\":\"Carmen T.\"},\"url\":\"https:\\\/\\\/sscvellmar.de\\\/wp\\\/author\\\/carmen\\\/\"}]}<\/script>\n<!-- \/ Yoast SEO plugin. -->","yoast_head_json":{"title":"Liebe SSCer\u00a0\ud83e\udde1\ud83d\udda4\ud83e\udde1 ab 14.03.21 wieder gemeinsames \"reales\" Training - SSC Vellmar LA+RKS+LSW Kalender","robots":{"index":"index","follow":"follow","max-snippet":"max-snippet:-1","max-image-preview":"max-image-preview:large","max-video-preview":"max-video-preview:-1"},"canonical":"https:\/\/sscvellmar.de\/wp\/2021\/03\/1179\/","og_locale":"de_DE","og_type":"article","og_title":"Liebe SSCer\u00a0\ud83e\udde1\ud83d\udda4\ud83e\udde1 ab 14.03.21 wieder gemeinsames \"reales\" Training - SSC Vellmar LA+RKS+LSW Kalender","og_description":"Liebe SSCer\u00a0\ud83e\udde1\ud83d\udda4\ud83e\udde1 wir k\u00f6nnen ab 14.03.21 wieder ein gemeinsames &#8222;reales&#8220; Training unter Einhaltung spezieller Anstandsregeln und Hygienema\u00dfnahmen auf unserem Sportplatz anbieten!!! Da Voranmeldung und Anwesenheitslisten n\u00f6tig sind kommunizieren wir aktuell [&hellip;]","og_url":"https:\/\/sscvellmar.de\/wp\/2021\/03\/1179\/","og_site_name":"SSC Vellmar LA+RKS+LSW Kalender","article_published_time":"2021-03-13T11:46:19+00:00","article_modified_time":"2021-03-13T13:35:42+00:00","og_image":[{"width":2560,"height":1216,"url":"https:\/\/sscvellmar.de\/wp\/wp-content\/uploads\/2021\/03\/IMG_3431-2-scaled.jpg","type":"image\/jpeg"}],"author":"Carmen T.","twitter_card":"summary_large_image","twitter_misc":{"Verfasst von":"Carmen T.","Gesch\u00e4tzte Lesezeit":"1\u00a0Minute"},"schema":{"@context":"https:\/\/schema.org","@graph":[{"@type":"Article","@id":"https:\/\/sscvellmar.de\/wp\/2021\/03\/1179\/#article","isPartOf":{"@id":"https:\/\/sscvellmar.de\/wp\/2021\/03\/1179\/"},"author":{"name":"Carmen T.","@id":"https:\/\/sscvellmar.de\/wp\/#\/schema\/person\/8c61269e9b29912048c39c53318424ce"},"headline":"Liebe SSCer\u00a0\ud83e\udde1\ud83d\udda4\ud83e\udde1 ab 14.03.21 wieder gemeinsames &#8222;reales&#8220; Training","datePublished":"2021-03-13T11:46:19+00:00","dateModified":"2021-03-13T13:35:42+00:00","mainEntityOfPage":{"@id":"https:\/\/sscvellmar.de\/wp\/2021\/03\/1179\/"},"wordCount":180,"publisher":{"@id":"https:\/\/sscvellmar.de\/wp\/#organization"},"image":{"@id":"https:\/\/sscvellmar.de\/wp\/2021\/03\/1179\/#primaryimage"},"thumbnailUrl":"https:\/\/sscvellmar.de\/wp\/wp-content\/uploads\/2021\/03\/IMG_3431-2-scaled.jpg","articleSection":["NEWS Leichtathletik+ RKS+ LSW"],"inLanguage":"de"},{"@type":"WebPage","@id":"https:\/\/sscvellmar.de\/wp\/2021\/03\/1179\/","url":"https:\/\/sscvellmar.de\/wp\/2021\/03\/1179\/","name":"Liebe SSCer\u00a0\ud83e\udde1\ud83d\udda4\ud83e\udde1 ab 14.03.21 wieder gemeinsames \"reales\" Training - SSC Vellmar LA+RKS+LSW Kalender","isPartOf":{"@id":"https:\/\/sscvellmar.de\/wp\/#website"},"primaryImageOfPage":{"@id":"https:\/\/sscvellmar.de\/wp\/2021\/03\/1179\/#primaryimage"},"image":{"@id":"https:\/\/sscvellmar.de\/wp\/2021\/03\/1179\/#primaryimage"},"thumbnailUrl":"https:\/\/sscvellmar.de\/wp\/wp-content\/uploads\/2021\/03\/IMG_3431-2-scaled.jpg","datePublished":"2021-03-13T11:46:19+00:00","dateModified":"2021-03-13T13:35:42+00:00","breadcrumb":{"@id":"https:\/\/sscvellmar.de\/wp\/2021\/03\/1179\/#breadcrumb"},"inLanguage":"de","potentialAction":[{"@type":"ReadAction","target":["https:\/\/sscvellmar.de\/wp\/2021\/03\/1179\/"]}]},{"@type":"ImageObject","inLanguage":"de","@id":"https:\/\/sscvellmar.de\/wp\/2021\/03\/1179\/#primaryimage","url":"https:\/\/sscvellmar.de\/wp\/wp-content\/uploads\/2021\/03\/IMG_3431-2-scaled.jpg","contentUrl":"https:\/\/sscvellmar.de\/wp\/wp-content\/uploads\/2021\/03\/IMG_3431-2-scaled.jpg","width":2560,"height":1216},{"@type":"BreadcrumbList","@id":"https:\/\/sscvellmar.de\/wp\/2021\/03\/1179\/#breadcrumb","itemListElement":[{"@type":"ListItem","position":1,"name":"Startseite","item":"https:\/\/sscvellmar.de\/wp\/"},{"@type":"ListItem","position":2,"name":"Liebe SSCer\u00a0\ud83e\udde1\ud83d\udda4\ud83e\udde1 ab 14.03.21 wieder gemeinsames &#8220;reales&#8221; Training"}]},{"@type":"WebSite","@id":"https:\/\/sscvellmar.de\/wp\/#website","url":"https:\/\/sscvellmar.de\/wp\/","name":"SSC Vellmar LA+RKS+LSW Kalender","description":"SSC Vellmar von 1973 e.V.","publisher":{"@id":"https:\/\/sscvellmar.de\/wp\/#organization"},"potentialAction":[{"@type":"SearchAction","target":{"@type":"EntryPoint","urlTemplate":"https:\/\/sscvellmar.de\/wp\/?s={search_term_string}"},"query-input":{"@type":"PropertyValueSpecification","valueRequired":true,"valueName":"search_term_string"}}],"inLanguage":"de"},{"@type":"Organization","@id":"https:\/\/sscvellmar.de\/wp\/#organization","name":"SSC Vellmar LA+RKS+LSW Kalender","url":"https:\/\/sscvellmar.de\/wp\/","logo":{"@type":"ImageObject","inLanguage":"de","@id":"https:\/\/sscvellmar.de\/wp\/#\/schema\/logo\/image\/","url":"https:\/\/sscvellmar.de\/wp\/wp-content\/uploads\/2024\/12\/Bild.heic","contentUrl":"https:\/\/sscvellmar.de\/wp\/wp-content\/uploads\/2024\/12\/Bild.heic","caption":"SSC Vellmar LA+RKS+LSW Kalender"},"image":{"@id":"https:\/\/sscvellmar.de\/wp\/#\/schema\/logo\/image\/"}},{"@type":"Person","@id":"https:\/\/sscvellmar.de\/wp\/#\/schema\/person\/8c61269e9b29912048c39c53318424ce","name":"Carmen T.","image":{"@type":"ImageObject","inLanguage":"de","@id":"https:\/\/secure.gravatar.com\/avatar\/44569c05fe11e8c35b2686476404a7ab56458c2f87fe972d473fc5c53aabba35?s=96&d=mm&r=g","url":"https:\/\/secure.gravatar.com\/avatar\/44569c05fe11e8c35b2686476404a7ab56458c2f87fe972d473fc5c53aabba35?s=96&d=mm&r=g","contentUrl":"https:\/\/secure.gravatar.com\/avatar\/44569c05fe11e8c35b2686476404a7ab56458c2f87fe972d473fc5c53aabba35?s=96&d=mm&r=g","caption":"Carmen T."},"url":"https:\/\/sscvellmar.de\/wp\/author\/carmen\/"}]}},"_links":{"self":[{"href":"https:\/\/sscvellmar.de\/wp\/wp-json\/wp\/v2\/posts\/1179","targetHints":{"allow":["GET"]}}],"collection":[{"href":"https:\/\/sscvellmar.de\/wp\/wp-json\/wp\/v2\/posts"}],"about":[{"href":"https:\/\/sscvellmar.de\/wp\/wp-json\/wp\/v2\/types\/post"}],"author":[{"embeddable":true,"href":"https:\/\/sscvellmar.de\/wp\/wp-json\/wp\/v2\/users\/5"}],"replies":[{"embeddable":true,"href":"https:\/\/sscvellmar.de\/wp\/wp-json\/wp\/v2\/comments?post=1179"}],"version-history":[{"count":7,"href":"https:\/\/sscvellmar.de\/wp\/wp-json\/wp\/v2\/posts\/1179\/revisions"}],"predecessor-version":[{"id":1191,"href":"https:\/\/sscvellmar.de\/wp\/wp-json\/wp\/v2\/posts\/1179\/revisions\/1191"}],"wp:featuredmedia":[{"embeddable":true,"href":"https:\/\/sscvellmar.de\/wp\/wp-json\/wp\/v2\/media\/1189"}],"wp:attachment":[{"href":"https:\/\/sscvellmar.de\/wp\/wp-json\/wp\/v2\/media?parent=1179"}],"wp:term":[{"taxonomy":"category","embeddable":true,"href":"https:\/\/sscvellmar.de\/wp\/wp-json\/wp\/v2\/categories?post=1179"},{"taxonomy":"post_tag","embeddable":true,"href":"https:\/\/sscvellmar.de\/wp\/wp-json\/wp\/v2\/tags?post=1179"}],"curies":[{"name":"wp","href":"https:\/\/api.w.org\/{rel}","templated":true}]}}