{"id":1891,"date":"2021-11-01T12:55:58","date_gmt":"2021-11-01T10:55:58","guid":{"rendered":"https:\/\/sscvellmar.de\/wp\/?p=1891"},"modified":"2021-11-26T17:23:48","modified_gmt":"2021-11-26T15:23:48","slug":"23-24-10-21-werferzehnkampf-in-vellmar","status":"publish","type":"post","link":"https:\/\/sscvellmar.de\/wp\/2021\/11\/23-24-10-21-werferzehnkampf-in-vellmar\/","title":{"rendered":"23. + 24.10.21 Werferzehnkampf in Vellmar"},"content":{"rendered":"<p>Der Platzaufbau am Samstag f\u00fcr den Werferf\u00fcnfkampf wurde genutzt um die fehlenden Disziplinen f\u00fcr den Werferzehnkampf zu werfen und zu sto\u00dfen. Also wurde von einigen, nachdem die Sektorb\u00e4nder lagen, die Keule, der Schleuderball, das Gewicht ein- und beidarmig geworfen, die Kugel geschockt und der Stein gestossen. Die Ergebnisse der beiden Tage sind unter diesem <a href=\"https:\/\/sscvellmar.de\/wp\/wp-content\/uploads\/2021\/11\/2021-10-23-Werfer-10K-Ergebnisse.pdf\" target=\"_blank\" rel=\"noopener\">Link<\/a> zu finden.<\/p>\n<p>Falk beim Schocken\u00a0\u00a0\u00a0\u00a0\u00a0\u00a0\u00a0\u00a0\u00a0\u00a0\u00a0\u00a0\u00a0\u00a0\u00a0\u00a0\u00a0\u00a0\u00a0\u00a0\u00a0\u00a0\u00a0\u00a0\u00a0\u00a0\u00a0 Reiner am Schleuderball\u00a0\u00a0\u00a0\u00a0\u00a0\u00a0\u00a0\u00a0\u00a0\u00a0\u00a0\u00a0\u00a0\u00a0\u00a0\u00a0\u00a0\u00a0\u00a0\u00a0\u00a0\u00a0\u00a0\u00a0\u00a0\u00a0\u00a0\u00a0\u00a0 Hartmut mit dem Stein<\/p>\n<p><img fetchpriority=\"high\" decoding=\"async\" class=\"alignnone size-medium wp-image-1900\" src=\"https:\/\/sscvellmar.de\/wp\/wp-content\/uploads\/2021\/11\/2021-10-23-Kugelschocken-229x300.jpg\" alt=\"\" width=\"229\" height=\"300\" srcset=\"https:\/\/sscvellmar.de\/wp\/wp-content\/uploads\/2021\/11\/2021-10-23-Kugelschocken-229x300.jpg 229w, https:\/\/sscvellmar.de\/wp\/wp-content\/uploads\/2021\/11\/2021-10-23-Kugelschocken-780x1024.jpg 780w, https:\/\/sscvellmar.de\/wp\/wp-content\/uploads\/2021\/11\/2021-10-23-Kugelschocken-768x1008.jpg 768w, https:\/\/sscvellmar.de\/wp\/wp-content\/uploads\/2021\/11\/2021-10-23-Kugelschocken.jpg 969w\" sizes=\"(max-width: 229px) 100vw, 229px\" \/> <img decoding=\"async\" class=\"alignnone size-medium wp-image-1901\" src=\"https:\/\/sscvellmar.de\/wp\/wp-content\/uploads\/2021\/11\/2021-10-23-Schleuderball-298x300.jpg\" alt=\"\" width=\"298\" height=\"300\" srcset=\"https:\/\/sscvellmar.de\/wp\/wp-content\/uploads\/2021\/11\/2021-10-23-Schleuderball-298x300.jpg 298w, https:\/\/sscvellmar.de\/wp\/wp-content\/uploads\/2021\/11\/2021-10-23-Schleuderball-150x150.jpg 150w, https:\/\/sscvellmar.de\/wp\/wp-content\/uploads\/2021\/11\/2021-10-23-Schleuderball-768x773.jpg 768w, https:\/\/sscvellmar.de\/wp\/wp-content\/uploads\/2021\/11\/2021-10-23-Schleuderball.jpg 993w\" sizes=\"(max-width: 298px) 100vw, 298px\" \/> <img decoding=\"async\" class=\"alignnone size-medium wp-image-1902\" src=\"https:\/\/sscvellmar.de\/wp\/wp-content\/uploads\/2021\/11\/2021-10-23-Stein-153x300.jpg\" alt=\"\" width=\"153\" height=\"300\" srcset=\"https:\/\/sscvellmar.de\/wp\/wp-content\/uploads\/2021\/11\/2021-10-23-Stein-153x300.jpg 153w, https:\/\/sscvellmar.de\/wp\/wp-content\/uploads\/2021\/11\/2021-10-23-Stein-524x1024.jpg 524w, https:\/\/sscvellmar.de\/wp\/wp-content\/uploads\/2021\/11\/2021-10-23-Stein-768x1502.jpg 768w, https:\/\/sscvellmar.de\/wp\/wp-content\/uploads\/2021\/11\/2021-10-23-Stein-786x1536.jpg 786w, https:\/\/sscvellmar.de\/wp\/wp-content\/uploads\/2021\/11\/2021-10-23-Stein.jpg 942w\" sizes=\"(max-width: 153px) 100vw, 153px\" \/><\/p>\n<p>Gerhard mit Gewicht beidarmig\u00a0\u00a0\u00a0\u00a0\u00a0\u00a0\u00a0 Hendrik das ganze einarmig<\/p>\n<p><img loading=\"lazy\" decoding=\"async\" class=\"alignnone size-medium wp-image-1898\" src=\"https:\/\/sscvellmar.de\/wp\/wp-content\/uploads\/2021\/11\/2021-10-23-Gewicht2-236x300.jpg\" alt=\"\" width=\"236\" height=\"300\" \/><img loading=\"lazy\" decoding=\"async\" class=\"alignnone size-medium wp-image-1897\" src=\"https:\/\/sscvellmar.de\/wp\/wp-content\/uploads\/2021\/11\/2021-10-23-Gewicht1-209x300.jpg\" alt=\"\" width=\"209\" height=\"300\" srcset=\"https:\/\/sscvellmar.de\/wp\/wp-content\/uploads\/2021\/11\/2021-10-23-Gewicht1-209x300.jpg 209w, https:\/\/sscvellmar.de\/wp\/wp-content\/uploads\/2021\/11\/2021-10-23-Gewicht1-714x1024.jpg 714w, https:\/\/sscvellmar.de\/wp\/wp-content\/uploads\/2021\/11\/2021-10-23-Gewicht1.jpg 726w\" sizes=\"(max-width: 209px) 100vw, 209px\" \/><\/p>\n<p>Carmi und Sabine nahmen Ma\u00df und notierten<\/p>\n<p><img loading=\"lazy\" decoding=\"async\" class=\"alignnone wp-image-1896\" src=\"https:\/\/sscvellmar.de\/wp\/wp-content\/uploads\/2021\/11\/2021-10-23-Carmi-158x300.jpg\" alt=\"\" width=\"218\" height=\"414\" srcset=\"https:\/\/sscvellmar.de\/wp\/wp-content\/uploads\/2021\/11\/2021-10-23-Carmi-158x300.jpg 158w, https:\/\/sscvellmar.de\/wp\/wp-content\/uploads\/2021\/11\/2021-10-23-Carmi-538x1024.jpg 538w, https:\/\/sscvellmar.de\/wp\/wp-content\/uploads\/2021\/11\/2021-10-23-Carmi-768x1462.jpg 768w, https:\/\/sscvellmar.de\/wp\/wp-content\/uploads\/2021\/11\/2021-10-23-Carmi-807x1536.jpg 807w, https:\/\/sscvellmar.de\/wp\/wp-content\/uploads\/2021\/11\/2021-10-23-Carmi-1076x2048.jpg 1076w, https:\/\/sscvellmar.de\/wp\/wp-content\/uploads\/2021\/11\/2021-10-23-Carmi.jpg 1125w\" sizes=\"(max-width: 218px) 100vw, 218px\" \/><img loading=\"lazy\" decoding=\"async\" class=\" wp-image-1895 alignnone\" src=\"https:\/\/sscvellmar.de\/wp\/wp-content\/uploads\/2021\/11\/2021-10-23-Biene-166x300.jpg\" alt=\"\" width=\"226\" height=\"409\" srcset=\"https:\/\/sscvellmar.de\/wp\/wp-content\/uploads\/2021\/11\/2021-10-23-Biene-166x300.jpg 166w, https:\/\/sscvellmar.de\/wp\/wp-content\/uploads\/2021\/11\/2021-10-23-Biene-567x1024.jpg 567w, https:\/\/sscvellmar.de\/wp\/wp-content\/uploads\/2021\/11\/2021-10-23-Biene-768x1387.jpg 768w, https:\/\/sscvellmar.de\/wp\/wp-content\/uploads\/2021\/11\/2021-10-23-Biene.jpg 849w\" sizes=\"(max-width: 226px) 100vw, 226px\" \/><\/p>\n<p>Und die ganze 2G-Truppe<\/p>\n<p><img loading=\"lazy\" decoding=\"async\" class=\"alignnone wp-image-1899\" src=\"https:\/\/sscvellmar.de\/wp\/wp-content\/uploads\/2021\/11\/2021-10-23-Gruppe-300x211.jpg\" alt=\"\" width=\"579\" height=\"407\" srcset=\"https:\/\/sscvellmar.de\/wp\/wp-content\/uploads\/2021\/11\/2021-10-23-Gruppe-300x211.jpg 300w, https:\/\/sscvellmar.de\/wp\/wp-content\/uploads\/2021\/11\/2021-10-23-Gruppe-1024x722.jpg 1024w, https:\/\/sscvellmar.de\/wp\/wp-content\/uploads\/2021\/11\/2021-10-23-Gruppe-768x541.jpg 768w, https:\/\/sscvellmar.de\/wp\/wp-content\/uploads\/2021\/11\/2021-10-23-Gruppe-1536x1083.jpg 1536w, https:\/\/sscvellmar.de\/wp\/wp-content\/uploads\/2021\/11\/2021-10-23-Gruppe.jpg 2043w\" sizes=\"(max-width: 579px) 100vw, 579px\" \/><\/p>\n<p>&nbsp;<\/p>\n<p>&nbsp;<\/p>\n<p>&nbsp;<\/p>\n","protected":false},"excerpt":{"rendered":"<p>Der Platzaufbau am Samstag f\u00fcr den Werferf\u00fcnfkampf wurde genutzt um die fehlenden Disziplinen f\u00fcr den Werferzehnkampf zu werfen und zu sto\u00dfen. Also wurde von einigen, nachdem die Sektorb\u00e4nder lagen, die [&hellip;]<\/p>\n","protected":false},"author":19,"featured_media":1898,"comment_status":"closed","ping_status":"open","sticky":false,"template":"","format":"standard","meta":{"footnotes":""},"categories":[5],"tags":[],"class_list":["post-1891","post","type-post","status-publish","format-standard","has-post-thumbnail","hentry","category-leichtathletik"],"yoast_head":"<!-- This site is optimized with the Yoast SEO plugin v27.4 - https:\/\/yoast.com\/product\/yoast-seo-wordpress\/ -->\n<title>23. + 24.10.21 Werferzehnkampf in Vellmar - SSC Vellmar LA+RKS+LSW Kalender<\/title>\n<meta name=\"robots\" content=\"index, follow, max-snippet:-1, max-image-preview:large, max-video-preview:-1\" \/>\n<link rel=\"canonical\" href=\"https:\/\/sscvellmar.de\/wp\/2021\/11\/23-24-10-21-werferzehnkampf-in-vellmar\/\" \/>\n<meta property=\"og:locale\" content=\"de_DE\" \/>\n<meta property=\"og:type\" content=\"article\" \/>\n<meta property=\"og:title\" content=\"23. + 24.10.21 Werferzehnkampf in Vellmar - SSC Vellmar LA+RKS+LSW Kalender\" \/>\n<meta property=\"og:description\" content=\"Der Platzaufbau am Samstag f\u00fcr den Werferf\u00fcnfkampf wurde genutzt um die fehlenden Disziplinen f\u00fcr den Werferzehnkampf zu werfen und zu sto\u00dfen. Also wurde von einigen, nachdem die Sektorb\u00e4nder lagen, die [&hellip;]\" \/>\n<meta property=\"og:url\" content=\"https:\/\/sscvellmar.de\/wp\/2021\/11\/23-24-10-21-werferzehnkampf-in-vellmar\/\" \/>\n<meta property=\"og:site_name\" content=\"SSC Vellmar LA+RKS+LSW Kalender\" \/>\n<meta property=\"article:published_time\" content=\"2021-11-01T10:55:58+00:00\" \/>\n<meta property=\"article:modified_time\" content=\"2021-11-26T15:23:48+00:00\" \/>\n<meta property=\"og:image\" content=\"https:\/\/sscvellmar.de\/wp\/wp-content\/uploads\/2021\/11\/2021-10-23-Gewicht2-e1637940223272.jpg\" \/>\n\t<meta property=\"og:image:width\" content=\"966\" \/>\n\t<meta property=\"og:image:height\" content=\"631\" \/>\n\t<meta property=\"og:image:type\" content=\"image\/jpeg\" \/>\n<meta name=\"author\" content=\"Hartmut Nuschke\" \/>\n<meta name=\"twitter:card\" content=\"summary_large_image\" \/>\n<meta name=\"twitter:label1\" content=\"Verfasst von\" \/>\n\t<meta name=\"twitter:data1\" content=\"Hartmut Nuschke\" \/>\n<script type=\"application\/ld+json\" class=\"yoast-schema-graph\">{\"@context\":\"https:\\\/\\\/schema.org\",\"@graph\":[{\"@type\":\"Article\",\"@id\":\"https:\\\/\\\/sscvellmar.de\\\/wp\\\/2021\\\/11\\\/23-24-10-21-werferzehnkampf-in-vellmar\\\/#article\",\"isPartOf\":{\"@id\":\"https:\\\/\\\/sscvellmar.de\\\/wp\\\/2021\\\/11\\\/23-24-10-21-werferzehnkampf-in-vellmar\\\/\"},\"author\":{\"name\":\"Hartmut Nuschke\",\"@id\":\"https:\\\/\\\/sscvellmar.de\\\/wp\\\/#\\\/schema\\\/person\\\/d2431e5d9a01855ab26307bfe28a252a\"},\"headline\":\"23. + 24.10.21 Werferzehnkampf in Vellmar\",\"datePublished\":\"2021-11-01T10:55:58+00:00\",\"dateModified\":\"2021-11-26T15:23:48+00:00\",\"mainEntityOfPage\":{\"@id\":\"https:\\\/\\\/sscvellmar.de\\\/wp\\\/2021\\\/11\\\/23-24-10-21-werferzehnkampf-in-vellmar\\\/\"},\"wordCount\":97,\"publisher\":{\"@id\":\"https:\\\/\\\/sscvellmar.de\\\/wp\\\/#organization\"},\"image\":{\"@id\":\"https:\\\/\\\/sscvellmar.de\\\/wp\\\/2021\\\/11\\\/23-24-10-21-werferzehnkampf-in-vellmar\\\/#primaryimage\"},\"thumbnailUrl\":\"https:\\\/\\\/sscvellmar.de\\\/wp\\\/wp-content\\\/uploads\\\/2021\\\/11\\\/2021-10-23-Gewicht2-e1637940223272.jpg\",\"articleSection\":[\"NEWS Leichtathletik+ RKS+ LSW\"],\"inLanguage\":\"de\"},{\"@type\":\"WebPage\",\"@id\":\"https:\\\/\\\/sscvellmar.de\\\/wp\\\/2021\\\/11\\\/23-24-10-21-werferzehnkampf-in-vellmar\\\/\",\"url\":\"https:\\\/\\\/sscvellmar.de\\\/wp\\\/2021\\\/11\\\/23-24-10-21-werferzehnkampf-in-vellmar\\\/\",\"name\":\"23. + 24.10.21 Werferzehnkampf in Vellmar - SSC Vellmar LA+RKS+LSW Kalender\",\"isPartOf\":{\"@id\":\"https:\\\/\\\/sscvellmar.de\\\/wp\\\/#website\"},\"primaryImageOfPage\":{\"@id\":\"https:\\\/\\\/sscvellmar.de\\\/wp\\\/2021\\\/11\\\/23-24-10-21-werferzehnkampf-in-vellmar\\\/#primaryimage\"},\"image\":{\"@id\":\"https:\\\/\\\/sscvellmar.de\\\/wp\\\/2021\\\/11\\\/23-24-10-21-werferzehnkampf-in-vellmar\\\/#primaryimage\"},\"thumbnailUrl\":\"https:\\\/\\\/sscvellmar.de\\\/wp\\\/wp-content\\\/uploads\\\/2021\\\/11\\\/2021-10-23-Gewicht2-e1637940223272.jpg\",\"datePublished\":\"2021-11-01T10:55:58+00:00\",\"dateModified\":\"2021-11-26T15:23:48+00:00\",\"breadcrumb\":{\"@id\":\"https:\\\/\\\/sscvellmar.de\\\/wp\\\/2021\\\/11\\\/23-24-10-21-werferzehnkampf-in-vellmar\\\/#breadcrumb\"},\"inLanguage\":\"de\",\"potentialAction\":[{\"@type\":\"ReadAction\",\"target\":[\"https:\\\/\\\/sscvellmar.de\\\/wp\\\/2021\\\/11\\\/23-24-10-21-werferzehnkampf-in-vellmar\\\/\"]}]},{\"@type\":\"ImageObject\",\"inLanguage\":\"de\",\"@id\":\"https:\\\/\\\/sscvellmar.de\\\/wp\\\/2021\\\/11\\\/23-24-10-21-werferzehnkampf-in-vellmar\\\/#primaryimage\",\"url\":\"https:\\\/\\\/sscvellmar.de\\\/wp\\\/wp-content\\\/uploads\\\/2021\\\/11\\\/2021-10-23-Gewicht2-e1637940223272.jpg\",\"contentUrl\":\"https:\\\/\\\/sscvellmar.de\\\/wp\\\/wp-content\\\/uploads\\\/2021\\\/11\\\/2021-10-23-Gewicht2-e1637940223272.jpg\",\"width\":966,\"height\":631},{\"@type\":\"BreadcrumbList\",\"@id\":\"https:\\\/\\\/sscvellmar.de\\\/wp\\\/2021\\\/11\\\/23-24-10-21-werferzehnkampf-in-vellmar\\\/#breadcrumb\",\"itemListElement\":[{\"@type\":\"ListItem\",\"position\":1,\"name\":\"Startseite\",\"item\":\"https:\\\/\\\/sscvellmar.de\\\/wp\\\/\"},{\"@type\":\"ListItem\",\"position\":2,\"name\":\"23. + 24.10.21 Werferzehnkampf in Vellmar\"}]},{\"@type\":\"WebSite\",\"@id\":\"https:\\\/\\\/sscvellmar.de\\\/wp\\\/#website\",\"url\":\"https:\\\/\\\/sscvellmar.de\\\/wp\\\/\",\"name\":\"SSC Vellmar LA+RKS+LSW Kalender\",\"description\":\"SSC Vellmar von 1973 e.V.\",\"publisher\":{\"@id\":\"https:\\\/\\\/sscvellmar.de\\\/wp\\\/#organization\"},\"potentialAction\":[{\"@type\":\"SearchAction\",\"target\":{\"@type\":\"EntryPoint\",\"urlTemplate\":\"https:\\\/\\\/sscvellmar.de\\\/wp\\\/?s={search_term_string}\"},\"query-input\":{\"@type\":\"PropertyValueSpecification\",\"valueRequired\":true,\"valueName\":\"search_term_string\"}}],\"inLanguage\":\"de\"},{\"@type\":\"Organization\",\"@id\":\"https:\\\/\\\/sscvellmar.de\\\/wp\\\/#organization\",\"name\":\"SSC Vellmar LA+RKS+LSW Kalender\",\"url\":\"https:\\\/\\\/sscvellmar.de\\\/wp\\\/\",\"logo\":{\"@type\":\"ImageObject\",\"inLanguage\":\"de\",\"@id\":\"https:\\\/\\\/sscvellmar.de\\\/wp\\\/#\\\/schema\\\/logo\\\/image\\\/\",\"url\":\"https:\\\/\\\/sscvellmar.de\\\/wp\\\/wp-content\\\/uploads\\\/2024\\\/12\\\/Bild.heic\",\"contentUrl\":\"https:\\\/\\\/sscvellmar.de\\\/wp\\\/wp-content\\\/uploads\\\/2024\\\/12\\\/Bild.heic\",\"caption\":\"SSC Vellmar LA+RKS+LSW Kalender\"},\"image\":{\"@id\":\"https:\\\/\\\/sscvellmar.de\\\/wp\\\/#\\\/schema\\\/logo\\\/image\\\/\"}},{\"@type\":\"Person\",\"@id\":\"https:\\\/\\\/sscvellmar.de\\\/wp\\\/#\\\/schema\\\/person\\\/d2431e5d9a01855ab26307bfe28a252a\",\"name\":\"Hartmut Nuschke\",\"image\":{\"@type\":\"ImageObject\",\"inLanguage\":\"de\",\"@id\":\"https:\\\/\\\/secure.gravatar.com\\\/avatar\\\/797cae4a1bf48b151ea164264f0636da1c2b3cd7d1d67048a988e22c7572bdcb?s=96&d=mm&r=g\",\"url\":\"https:\\\/\\\/secure.gravatar.com\\\/avatar\\\/797cae4a1bf48b151ea164264f0636da1c2b3cd7d1d67048a988e22c7572bdcb?s=96&d=mm&r=g\",\"contentUrl\":\"https:\\\/\\\/secure.gravatar.com\\\/avatar\\\/797cae4a1bf48b151ea164264f0636da1c2b3cd7d1d67048a988e22c7572bdcb?s=96&d=mm&r=g\",\"caption\":\"Hartmut Nuschke\"},\"url\":\"https:\\\/\\\/sscvellmar.de\\\/wp\\\/author\\\/hnuschke\\\/\"}]}<\/script>\n<!-- \/ Yoast SEO plugin. -->","yoast_head_json":{"title":"23. + 24.10.21 Werferzehnkampf in Vellmar - SSC Vellmar LA+RKS+LSW Kalender","robots":{"index":"index","follow":"follow","max-snippet":"max-snippet:-1","max-image-preview":"max-image-preview:large","max-video-preview":"max-video-preview:-1"},"canonical":"https:\/\/sscvellmar.de\/wp\/2021\/11\/23-24-10-21-werferzehnkampf-in-vellmar\/","og_locale":"de_DE","og_type":"article","og_title":"23. + 24.10.21 Werferzehnkampf in Vellmar - SSC Vellmar LA+RKS+LSW Kalender","og_description":"Der Platzaufbau am Samstag f\u00fcr den Werferf\u00fcnfkampf wurde genutzt um die fehlenden Disziplinen f\u00fcr den Werferzehnkampf zu werfen und zu sto\u00dfen. Also wurde von einigen, nachdem die Sektorb\u00e4nder lagen, die [&hellip;]","og_url":"https:\/\/sscvellmar.de\/wp\/2021\/11\/23-24-10-21-werferzehnkampf-in-vellmar\/","og_site_name":"SSC Vellmar LA+RKS+LSW Kalender","article_published_time":"2021-11-01T10:55:58+00:00","article_modified_time":"2021-11-26T15:23:48+00:00","og_image":[{"width":966,"height":631,"url":"https:\/\/sscvellmar.de\/wp\/wp-content\/uploads\/2021\/11\/2021-10-23-Gewicht2-e1637940223272.jpg","type":"image\/jpeg"}],"author":"Hartmut Nuschke","twitter_card":"summary_large_image","twitter_misc":{"Verfasst von":"Hartmut Nuschke"},"schema":{"@context":"https:\/\/schema.org","@graph":[{"@type":"Article","@id":"https:\/\/sscvellmar.de\/wp\/2021\/11\/23-24-10-21-werferzehnkampf-in-vellmar\/#article","isPartOf":{"@id":"https:\/\/sscvellmar.de\/wp\/2021\/11\/23-24-10-21-werferzehnkampf-in-vellmar\/"},"author":{"name":"Hartmut Nuschke","@id":"https:\/\/sscvellmar.de\/wp\/#\/schema\/person\/d2431e5d9a01855ab26307bfe28a252a"},"headline":"23. + 24.10.21 Werferzehnkampf in Vellmar","datePublished":"2021-11-01T10:55:58+00:00","dateModified":"2021-11-26T15:23:48+00:00","mainEntityOfPage":{"@id":"https:\/\/sscvellmar.de\/wp\/2021\/11\/23-24-10-21-werferzehnkampf-in-vellmar\/"},"wordCount":97,"publisher":{"@id":"https:\/\/sscvellmar.de\/wp\/#organization"},"image":{"@id":"https:\/\/sscvellmar.de\/wp\/2021\/11\/23-24-10-21-werferzehnkampf-in-vellmar\/#primaryimage"},"thumbnailUrl":"https:\/\/sscvellmar.de\/wp\/wp-content\/uploads\/2021\/11\/2021-10-23-Gewicht2-e1637940223272.jpg","articleSection":["NEWS Leichtathletik+ RKS+ LSW"],"inLanguage":"de"},{"@type":"WebPage","@id":"https:\/\/sscvellmar.de\/wp\/2021\/11\/23-24-10-21-werferzehnkampf-in-vellmar\/","url":"https:\/\/sscvellmar.de\/wp\/2021\/11\/23-24-10-21-werferzehnkampf-in-vellmar\/","name":"23. + 24.10.21 Werferzehnkampf in Vellmar - SSC Vellmar LA+RKS+LSW Kalender","isPartOf":{"@id":"https:\/\/sscvellmar.de\/wp\/#website"},"primaryImageOfPage":{"@id":"https:\/\/sscvellmar.de\/wp\/2021\/11\/23-24-10-21-werferzehnkampf-in-vellmar\/#primaryimage"},"image":{"@id":"https:\/\/sscvellmar.de\/wp\/2021\/11\/23-24-10-21-werferzehnkampf-in-vellmar\/#primaryimage"},"thumbnailUrl":"https:\/\/sscvellmar.de\/wp\/wp-content\/uploads\/2021\/11\/2021-10-23-Gewicht2-e1637940223272.jpg","datePublished":"2021-11-01T10:55:58+00:00","dateModified":"2021-11-26T15:23:48+00:00","breadcrumb":{"@id":"https:\/\/sscvellmar.de\/wp\/2021\/11\/23-24-10-21-werferzehnkampf-in-vellmar\/#breadcrumb"},"inLanguage":"de","potentialAction":[{"@type":"ReadAction","target":["https:\/\/sscvellmar.de\/wp\/2021\/11\/23-24-10-21-werferzehnkampf-in-vellmar\/"]}]},{"@type":"ImageObject","inLanguage":"de","@id":"https:\/\/sscvellmar.de\/wp\/2021\/11\/23-24-10-21-werferzehnkampf-in-vellmar\/#primaryimage","url":"https:\/\/sscvellmar.de\/wp\/wp-content\/uploads\/2021\/11\/2021-10-23-Gewicht2-e1637940223272.jpg","contentUrl":"https:\/\/sscvellmar.de\/wp\/wp-content\/uploads\/2021\/11\/2021-10-23-Gewicht2-e1637940223272.jpg","width":966,"height":631},{"@type":"BreadcrumbList","@id":"https:\/\/sscvellmar.de\/wp\/2021\/11\/23-24-10-21-werferzehnkampf-in-vellmar\/#breadcrumb","itemListElement":[{"@type":"ListItem","position":1,"name":"Startseite","item":"https:\/\/sscvellmar.de\/wp\/"},{"@type":"ListItem","position":2,"name":"23. + 24.10.21 Werferzehnkampf in Vellmar"}]},{"@type":"WebSite","@id":"https:\/\/sscvellmar.de\/wp\/#website","url":"https:\/\/sscvellmar.de\/wp\/","name":"SSC Vellmar LA+RKS+LSW Kalender","description":"SSC Vellmar von 1973 e.V.","publisher":{"@id":"https:\/\/sscvellmar.de\/wp\/#organization"},"potentialAction":[{"@type":"SearchAction","target":{"@type":"EntryPoint","urlTemplate":"https:\/\/sscvellmar.de\/wp\/?s={search_term_string}"},"query-input":{"@type":"PropertyValueSpecification","valueRequired":true,"valueName":"search_term_string"}}],"inLanguage":"de"},{"@type":"Organization","@id":"https:\/\/sscvellmar.de\/wp\/#organization","name":"SSC Vellmar LA+RKS+LSW Kalender","url":"https:\/\/sscvellmar.de\/wp\/","logo":{"@type":"ImageObject","inLanguage":"de","@id":"https:\/\/sscvellmar.de\/wp\/#\/schema\/logo\/image\/","url":"https:\/\/sscvellmar.de\/wp\/wp-content\/uploads\/2024\/12\/Bild.heic","contentUrl":"https:\/\/sscvellmar.de\/wp\/wp-content\/uploads\/2024\/12\/Bild.heic","caption":"SSC Vellmar LA+RKS+LSW Kalender"},"image":{"@id":"https:\/\/sscvellmar.de\/wp\/#\/schema\/logo\/image\/"}},{"@type":"Person","@id":"https:\/\/sscvellmar.de\/wp\/#\/schema\/person\/d2431e5d9a01855ab26307bfe28a252a","name":"Hartmut Nuschke","image":{"@type":"ImageObject","inLanguage":"de","@id":"https:\/\/secure.gravatar.com\/avatar\/797cae4a1bf48b151ea164264f0636da1c2b3cd7d1d67048a988e22c7572bdcb?s=96&d=mm&r=g","url":"https:\/\/secure.gravatar.com\/avatar\/797cae4a1bf48b151ea164264f0636da1c2b3cd7d1d67048a988e22c7572bdcb?s=96&d=mm&r=g","contentUrl":"https:\/\/secure.gravatar.com\/avatar\/797cae4a1bf48b151ea164264f0636da1c2b3cd7d1d67048a988e22c7572bdcb?s=96&d=mm&r=g","caption":"Hartmut Nuschke"},"url":"https:\/\/sscvellmar.de\/wp\/author\/hnuschke\/"}]}},"_links":{"self":[{"href":"https:\/\/sscvellmar.de\/wp\/wp-json\/wp\/v2\/posts\/1891","targetHints":{"allow":["GET"]}}],"collection":[{"href":"https:\/\/sscvellmar.de\/wp\/wp-json\/wp\/v2\/posts"}],"about":[{"href":"https:\/\/sscvellmar.de\/wp\/wp-json\/wp\/v2\/types\/post"}],"author":[{"embeddable":true,"href":"https:\/\/sscvellmar.de\/wp\/wp-json\/wp\/v2\/users\/19"}],"replies":[{"embeddable":true,"href":"https:\/\/sscvellmar.de\/wp\/wp-json\/wp\/v2\/comments?post=1891"}],"version-history":[{"count":4,"href":"https:\/\/sscvellmar.de\/wp\/wp-json\/wp\/v2\/posts\/1891\/revisions"}],"predecessor-version":[{"id":1906,"href":"https:\/\/sscvellmar.de\/wp\/wp-json\/wp\/v2\/posts\/1891\/revisions\/1906"}],"wp:featuredmedia":[{"embeddable":true,"href":"https:\/\/sscvellmar.de\/wp\/wp-json\/wp\/v2\/media\/1898"}],"wp:attachment":[{"href":"https:\/\/sscvellmar.de\/wp\/wp-json\/wp\/v2\/media?parent=1891"}],"wp:term":[{"taxonomy":"category","embeddable":true,"href":"https:\/\/sscvellmar.de\/wp\/wp-json\/wp\/v2\/categories?post=1891"},{"taxonomy":"post_tag","embeddable":true,"href":"https:\/\/sscvellmar.de\/wp\/wp-json\/wp\/v2\/tags?post=1891"}],"curies":[{"name":"wp","href":"https:\/\/api.w.org\/{rel}","templated":true}]}}