{"id":2220,"date":"2022-05-02T17:13:38","date_gmt":"2022-05-02T15:13:38","guid":{"rendered":"https:\/\/sscvellmar.de\/wp\/?p=2220"},"modified":"2022-05-02T17:22:34","modified_gmt":"2022-05-02T15:22:34","slug":"30-04-22-werfertag-in-zehlendorf","status":"publish","type":"post","link":"https:\/\/sscvellmar.de\/wp\/2022\/05\/30-04-22-werfertag-in-zehlendorf\/","title":{"rendered":"30.04.22 Werfertag in Zehlendorf"},"content":{"rendered":"<p><img fetchpriority=\"high\" decoding=\"async\" class=\"alignnone size-medium wp-image-1631\" src=\"https:\/\/sscvellmar.de\/wp\/wp-content\/uploads\/2021\/09\/IMG_0093-rotated-e1648370426763-282x300.jpg\" alt=\"\" width=\"282\" height=\"300\" srcset=\"https:\/\/sscvellmar.de\/wp\/wp-content\/uploads\/2021\/09\/IMG_0093-rotated-e1648370426763-282x300.jpg 282w, https:\/\/sscvellmar.de\/wp\/wp-content\/uploads\/2021\/09\/IMG_0093-rotated-e1648370426763-962x1024.jpg 962w, https:\/\/sscvellmar.de\/wp\/wp-content\/uploads\/2021\/09\/IMG_0093-rotated-e1648370426763-768x818.jpg 768w, https:\/\/sscvellmar.de\/wp\/wp-content\/uploads\/2021\/09\/IMG_0093-rotated-e1648370426763.jpg 1280w\" sizes=\"(max-width: 282px) 100vw, 282px\" \/><\/p>\n<p>Gerhard Niemeyer M80 nutze einen Besuch in Berlin gleichzeitig mit einem Start beim Werfertag in Zehlendorf. Im Kugelsto\u00dfen stellte er mit 9.77m eine pers\u00f6nliche Bestweite auf und der Hammer und der Diskus flogen auf exakt die gleiche Weite mit 26.33m. Dies bedeute f\u00fcr unseren sportlichen Oldie 3 x Platz 1.<\/p>\n","protected":false},"excerpt":{"rendered":"<p>Gerhard Niemeyer M80 nutze einen Besuch in Berlin gleichzeitig mit einem Start beim Werfertag in Zehlendorf. Im Kugelsto\u00dfen stellte er mit 9.77m eine pers\u00f6nliche Bestweite auf und der Hammer und [&hellip;]<\/p>\n","protected":false},"author":20,"featured_media":1631,"comment_status":"closed","ping_status":"open","sticky":false,"template":"","format":"standard","meta":{"footnotes":""},"categories":[5],"tags":[],"class_list":["post-2220","post","type-post","status-publish","format-standard","has-post-thumbnail","hentry","category-leichtathletik"],"yoast_head":"<!-- This site is optimized with the Yoast SEO plugin v27.4 - https:\/\/yoast.com\/product\/yoast-seo-wordpress\/ -->\n<title>30.04.22 Werfertag in Zehlendorf - SSC Vellmar LA+RKS+LSW Kalender<\/title>\n<meta name=\"robots\" content=\"index, follow, max-snippet:-1, max-image-preview:large, max-video-preview:-1\" \/>\n<link rel=\"canonical\" href=\"https:\/\/sscvellmar.de\/wp\/2022\/05\/30-04-22-werfertag-in-zehlendorf\/\" \/>\n<meta property=\"og:locale\" content=\"de_DE\" \/>\n<meta property=\"og:type\" content=\"article\" \/>\n<meta property=\"og:title\" content=\"30.04.22 Werfertag in Zehlendorf - SSC Vellmar LA+RKS+LSW Kalender\" \/>\n<meta property=\"og:description\" content=\"Gerhard Niemeyer M80 nutze einen Besuch in Berlin gleichzeitig mit einem Start beim Werfertag in Zehlendorf. Im Kugelsto\u00dfen stellte er mit 9.77m eine pers\u00f6nliche Bestweite auf und der Hammer und [&hellip;]\" \/>\n<meta property=\"og:url\" content=\"https:\/\/sscvellmar.de\/wp\/2022\/05\/30-04-22-werfertag-in-zehlendorf\/\" \/>\n<meta property=\"og:site_name\" content=\"SSC Vellmar LA+RKS+LSW Kalender\" \/>\n<meta property=\"article:published_time\" content=\"2022-05-02T15:13:38+00:00\" \/>\n<meta property=\"article:modified_time\" content=\"2022-05-02T15:22:34+00:00\" \/>\n<meta property=\"og:image\" content=\"https:\/\/sscvellmar.de\/wp\/wp-content\/uploads\/2021\/09\/IMG_0093-rotated-e1648370426763.jpg\" \/>\n\t<meta property=\"og:image:width\" content=\"1280\" \/>\n\t<meta property=\"og:image:height\" content=\"1363\" \/>\n\t<meta property=\"og:image:type\" content=\"image\/jpeg\" \/>\n<meta name=\"author\" content=\"Carmen Krug\" \/>\n<meta name=\"twitter:card\" content=\"summary_large_image\" \/>\n<meta name=\"twitter:label1\" content=\"Verfasst von\" \/>\n\t<meta name=\"twitter:data1\" content=\"Carmen Krug\" \/>\n<script type=\"application\/ld+json\" class=\"yoast-schema-graph\">{\"@context\":\"https:\\\/\\\/schema.org\",\"@graph\":[{\"@type\":\"Article\",\"@id\":\"https:\\\/\\\/sscvellmar.de\\\/wp\\\/2022\\\/05\\\/30-04-22-werfertag-in-zehlendorf\\\/#article\",\"isPartOf\":{\"@id\":\"https:\\\/\\\/sscvellmar.de\\\/wp\\\/2022\\\/05\\\/30-04-22-werfertag-in-zehlendorf\\\/\"},\"author\":{\"name\":\"Carmen Krug\",\"@id\":\"https:\\\/\\\/sscvellmar.de\\\/wp\\\/#\\\/schema\\\/person\\\/5e64871c03a05c12d0cf0ff25715406e\"},\"headline\":\"30.04.22 Werfertag in Zehlendorf\",\"datePublished\":\"2022-05-02T15:13:38+00:00\",\"dateModified\":\"2022-05-02T15:22:34+00:00\",\"mainEntityOfPage\":{\"@id\":\"https:\\\/\\\/sscvellmar.de\\\/wp\\\/2022\\\/05\\\/30-04-22-werfertag-in-zehlendorf\\\/\"},\"wordCount\":54,\"publisher\":{\"@id\":\"https:\\\/\\\/sscvellmar.de\\\/wp\\\/#organization\"},\"image\":{\"@id\":\"https:\\\/\\\/sscvellmar.de\\\/wp\\\/2022\\\/05\\\/30-04-22-werfertag-in-zehlendorf\\\/#primaryimage\"},\"thumbnailUrl\":\"https:\\\/\\\/sscvellmar.de\\\/wp\\\/wp-content\\\/uploads\\\/2021\\\/09\\\/IMG_0093-rotated-e1648370426763.jpg\",\"articleSection\":[\"NEWS Leichtathletik+ RKS+ LSW\"],\"inLanguage\":\"de\"},{\"@type\":\"WebPage\",\"@id\":\"https:\\\/\\\/sscvellmar.de\\\/wp\\\/2022\\\/05\\\/30-04-22-werfertag-in-zehlendorf\\\/\",\"url\":\"https:\\\/\\\/sscvellmar.de\\\/wp\\\/2022\\\/05\\\/30-04-22-werfertag-in-zehlendorf\\\/\",\"name\":\"30.04.22 Werfertag in Zehlendorf - SSC Vellmar LA+RKS+LSW Kalender\",\"isPartOf\":{\"@id\":\"https:\\\/\\\/sscvellmar.de\\\/wp\\\/#website\"},\"primaryImageOfPage\":{\"@id\":\"https:\\\/\\\/sscvellmar.de\\\/wp\\\/2022\\\/05\\\/30-04-22-werfertag-in-zehlendorf\\\/#primaryimage\"},\"image\":{\"@id\":\"https:\\\/\\\/sscvellmar.de\\\/wp\\\/2022\\\/05\\\/30-04-22-werfertag-in-zehlendorf\\\/#primaryimage\"},\"thumbnailUrl\":\"https:\\\/\\\/sscvellmar.de\\\/wp\\\/wp-content\\\/uploads\\\/2021\\\/09\\\/IMG_0093-rotated-e1648370426763.jpg\",\"datePublished\":\"2022-05-02T15:13:38+00:00\",\"dateModified\":\"2022-05-02T15:22:34+00:00\",\"breadcrumb\":{\"@id\":\"https:\\\/\\\/sscvellmar.de\\\/wp\\\/2022\\\/05\\\/30-04-22-werfertag-in-zehlendorf\\\/#breadcrumb\"},\"inLanguage\":\"de\",\"potentialAction\":[{\"@type\":\"ReadAction\",\"target\":[\"https:\\\/\\\/sscvellmar.de\\\/wp\\\/2022\\\/05\\\/30-04-22-werfertag-in-zehlendorf\\\/\"]}]},{\"@type\":\"ImageObject\",\"inLanguage\":\"de\",\"@id\":\"https:\\\/\\\/sscvellmar.de\\\/wp\\\/2022\\\/05\\\/30-04-22-werfertag-in-zehlendorf\\\/#primaryimage\",\"url\":\"https:\\\/\\\/sscvellmar.de\\\/wp\\\/wp-content\\\/uploads\\\/2021\\\/09\\\/IMG_0093-rotated-e1648370426763.jpg\",\"contentUrl\":\"https:\\\/\\\/sscvellmar.de\\\/wp\\\/wp-content\\\/uploads\\\/2021\\\/09\\\/IMG_0093-rotated-e1648370426763.jpg\",\"width\":1280,\"height\":1363},{\"@type\":\"BreadcrumbList\",\"@id\":\"https:\\\/\\\/sscvellmar.de\\\/wp\\\/2022\\\/05\\\/30-04-22-werfertag-in-zehlendorf\\\/#breadcrumb\",\"itemListElement\":[{\"@type\":\"ListItem\",\"position\":1,\"name\":\"Startseite\",\"item\":\"https:\\\/\\\/sscvellmar.de\\\/wp\\\/\"},{\"@type\":\"ListItem\",\"position\":2,\"name\":\"30.04.22 Werfertag in Zehlendorf\"}]},{\"@type\":\"WebSite\",\"@id\":\"https:\\\/\\\/sscvellmar.de\\\/wp\\\/#website\",\"url\":\"https:\\\/\\\/sscvellmar.de\\\/wp\\\/\",\"name\":\"SSC Vellmar LA+RKS+LSW Kalender\",\"description\":\"SSC Vellmar von 1973 e.V.\",\"publisher\":{\"@id\":\"https:\\\/\\\/sscvellmar.de\\\/wp\\\/#organization\"},\"potentialAction\":[{\"@type\":\"SearchAction\",\"target\":{\"@type\":\"EntryPoint\",\"urlTemplate\":\"https:\\\/\\\/sscvellmar.de\\\/wp\\\/?s={search_term_string}\"},\"query-input\":{\"@type\":\"PropertyValueSpecification\",\"valueRequired\":true,\"valueName\":\"search_term_string\"}}],\"inLanguage\":\"de\"},{\"@type\":\"Organization\",\"@id\":\"https:\\\/\\\/sscvellmar.de\\\/wp\\\/#organization\",\"name\":\"SSC Vellmar LA+RKS+LSW Kalender\",\"url\":\"https:\\\/\\\/sscvellmar.de\\\/wp\\\/\",\"logo\":{\"@type\":\"ImageObject\",\"inLanguage\":\"de\",\"@id\":\"https:\\\/\\\/sscvellmar.de\\\/wp\\\/#\\\/schema\\\/logo\\\/image\\\/\",\"url\":\"https:\\\/\\\/sscvellmar.de\\\/wp\\\/wp-content\\\/uploads\\\/2024\\\/12\\\/Bild.heic\",\"contentUrl\":\"https:\\\/\\\/sscvellmar.de\\\/wp\\\/wp-content\\\/uploads\\\/2024\\\/12\\\/Bild.heic\",\"caption\":\"SSC Vellmar LA+RKS+LSW Kalender\"},\"image\":{\"@id\":\"https:\\\/\\\/sscvellmar.de\\\/wp\\\/#\\\/schema\\\/logo\\\/image\\\/\"}},{\"@type\":\"Person\",\"@id\":\"https:\\\/\\\/sscvellmar.de\\\/wp\\\/#\\\/schema\\\/person\\\/5e64871c03a05c12d0cf0ff25715406e\",\"name\":\"Carmen Krug\",\"image\":{\"@type\":\"ImageObject\",\"inLanguage\":\"de\",\"@id\":\"https:\\\/\\\/secure.gravatar.com\\\/avatar\\\/4f56f3dc227b0cc0ef859d30e29fafc745ab96710af13609886439452bfb34c5?s=96&d=mm&r=g\",\"url\":\"https:\\\/\\\/secure.gravatar.com\\\/avatar\\\/4f56f3dc227b0cc0ef859d30e29fafc745ab96710af13609886439452bfb34c5?s=96&d=mm&r=g\",\"contentUrl\":\"https:\\\/\\\/secure.gravatar.com\\\/avatar\\\/4f56f3dc227b0cc0ef859d30e29fafc745ab96710af13609886439452bfb34c5?s=96&d=mm&r=g\",\"caption\":\"Carmen Krug\"},\"url\":\"https:\\\/\\\/sscvellmar.de\\\/wp\\\/author\\\/ckrug\\\/\"}]}<\/script>\n<!-- \/ Yoast SEO plugin. -->","yoast_head_json":{"title":"30.04.22 Werfertag in Zehlendorf - SSC Vellmar LA+RKS+LSW Kalender","robots":{"index":"index","follow":"follow","max-snippet":"max-snippet:-1","max-image-preview":"max-image-preview:large","max-video-preview":"max-video-preview:-1"},"canonical":"https:\/\/sscvellmar.de\/wp\/2022\/05\/30-04-22-werfertag-in-zehlendorf\/","og_locale":"de_DE","og_type":"article","og_title":"30.04.22 Werfertag in Zehlendorf - SSC Vellmar LA+RKS+LSW Kalender","og_description":"Gerhard Niemeyer M80 nutze einen Besuch in Berlin gleichzeitig mit einem Start beim Werfertag in Zehlendorf. Im Kugelsto\u00dfen stellte er mit 9.77m eine pers\u00f6nliche Bestweite auf und der Hammer und [&hellip;]","og_url":"https:\/\/sscvellmar.de\/wp\/2022\/05\/30-04-22-werfertag-in-zehlendorf\/","og_site_name":"SSC Vellmar LA+RKS+LSW Kalender","article_published_time":"2022-05-02T15:13:38+00:00","article_modified_time":"2022-05-02T15:22:34+00:00","og_image":[{"width":1280,"height":1363,"url":"https:\/\/sscvellmar.de\/wp\/wp-content\/uploads\/2021\/09\/IMG_0093-rotated-e1648370426763.jpg","type":"image\/jpeg"}],"author":"Carmen Krug","twitter_card":"summary_large_image","twitter_misc":{"Verfasst von":"Carmen Krug"},"schema":{"@context":"https:\/\/schema.org","@graph":[{"@type":"Article","@id":"https:\/\/sscvellmar.de\/wp\/2022\/05\/30-04-22-werfertag-in-zehlendorf\/#article","isPartOf":{"@id":"https:\/\/sscvellmar.de\/wp\/2022\/05\/30-04-22-werfertag-in-zehlendorf\/"},"author":{"name":"Carmen Krug","@id":"https:\/\/sscvellmar.de\/wp\/#\/schema\/person\/5e64871c03a05c12d0cf0ff25715406e"},"headline":"30.04.22 Werfertag in Zehlendorf","datePublished":"2022-05-02T15:13:38+00:00","dateModified":"2022-05-02T15:22:34+00:00","mainEntityOfPage":{"@id":"https:\/\/sscvellmar.de\/wp\/2022\/05\/30-04-22-werfertag-in-zehlendorf\/"},"wordCount":54,"publisher":{"@id":"https:\/\/sscvellmar.de\/wp\/#organization"},"image":{"@id":"https:\/\/sscvellmar.de\/wp\/2022\/05\/30-04-22-werfertag-in-zehlendorf\/#primaryimage"},"thumbnailUrl":"https:\/\/sscvellmar.de\/wp\/wp-content\/uploads\/2021\/09\/IMG_0093-rotated-e1648370426763.jpg","articleSection":["NEWS Leichtathletik+ RKS+ LSW"],"inLanguage":"de"},{"@type":"WebPage","@id":"https:\/\/sscvellmar.de\/wp\/2022\/05\/30-04-22-werfertag-in-zehlendorf\/","url":"https:\/\/sscvellmar.de\/wp\/2022\/05\/30-04-22-werfertag-in-zehlendorf\/","name":"30.04.22 Werfertag in Zehlendorf - SSC Vellmar LA+RKS+LSW Kalender","isPartOf":{"@id":"https:\/\/sscvellmar.de\/wp\/#website"},"primaryImageOfPage":{"@id":"https:\/\/sscvellmar.de\/wp\/2022\/05\/30-04-22-werfertag-in-zehlendorf\/#primaryimage"},"image":{"@id":"https:\/\/sscvellmar.de\/wp\/2022\/05\/30-04-22-werfertag-in-zehlendorf\/#primaryimage"},"thumbnailUrl":"https:\/\/sscvellmar.de\/wp\/wp-content\/uploads\/2021\/09\/IMG_0093-rotated-e1648370426763.jpg","datePublished":"2022-05-02T15:13:38+00:00","dateModified":"2022-05-02T15:22:34+00:00","breadcrumb":{"@id":"https:\/\/sscvellmar.de\/wp\/2022\/05\/30-04-22-werfertag-in-zehlendorf\/#breadcrumb"},"inLanguage":"de","potentialAction":[{"@type":"ReadAction","target":["https:\/\/sscvellmar.de\/wp\/2022\/05\/30-04-22-werfertag-in-zehlendorf\/"]}]},{"@type":"ImageObject","inLanguage":"de","@id":"https:\/\/sscvellmar.de\/wp\/2022\/05\/30-04-22-werfertag-in-zehlendorf\/#primaryimage","url":"https:\/\/sscvellmar.de\/wp\/wp-content\/uploads\/2021\/09\/IMG_0093-rotated-e1648370426763.jpg","contentUrl":"https:\/\/sscvellmar.de\/wp\/wp-content\/uploads\/2021\/09\/IMG_0093-rotated-e1648370426763.jpg","width":1280,"height":1363},{"@type":"BreadcrumbList","@id":"https:\/\/sscvellmar.de\/wp\/2022\/05\/30-04-22-werfertag-in-zehlendorf\/#breadcrumb","itemListElement":[{"@type":"ListItem","position":1,"name":"Startseite","item":"https:\/\/sscvellmar.de\/wp\/"},{"@type":"ListItem","position":2,"name":"30.04.22 Werfertag in Zehlendorf"}]},{"@type":"WebSite","@id":"https:\/\/sscvellmar.de\/wp\/#website","url":"https:\/\/sscvellmar.de\/wp\/","name":"SSC Vellmar LA+RKS+LSW Kalender","description":"SSC Vellmar von 1973 e.V.","publisher":{"@id":"https:\/\/sscvellmar.de\/wp\/#organization"},"potentialAction":[{"@type":"SearchAction","target":{"@type":"EntryPoint","urlTemplate":"https:\/\/sscvellmar.de\/wp\/?s={search_term_string}"},"query-input":{"@type":"PropertyValueSpecification","valueRequired":true,"valueName":"search_term_string"}}],"inLanguage":"de"},{"@type":"Organization","@id":"https:\/\/sscvellmar.de\/wp\/#organization","name":"SSC Vellmar LA+RKS+LSW Kalender","url":"https:\/\/sscvellmar.de\/wp\/","logo":{"@type":"ImageObject","inLanguage":"de","@id":"https:\/\/sscvellmar.de\/wp\/#\/schema\/logo\/image\/","url":"https:\/\/sscvellmar.de\/wp\/wp-content\/uploads\/2024\/12\/Bild.heic","contentUrl":"https:\/\/sscvellmar.de\/wp\/wp-content\/uploads\/2024\/12\/Bild.heic","caption":"SSC Vellmar LA+RKS+LSW Kalender"},"image":{"@id":"https:\/\/sscvellmar.de\/wp\/#\/schema\/logo\/image\/"}},{"@type":"Person","@id":"https:\/\/sscvellmar.de\/wp\/#\/schema\/person\/5e64871c03a05c12d0cf0ff25715406e","name":"Carmen Krug","image":{"@type":"ImageObject","inLanguage":"de","@id":"https:\/\/secure.gravatar.com\/avatar\/4f56f3dc227b0cc0ef859d30e29fafc745ab96710af13609886439452bfb34c5?s=96&d=mm&r=g","url":"https:\/\/secure.gravatar.com\/avatar\/4f56f3dc227b0cc0ef859d30e29fafc745ab96710af13609886439452bfb34c5?s=96&d=mm&r=g","contentUrl":"https:\/\/secure.gravatar.com\/avatar\/4f56f3dc227b0cc0ef859d30e29fafc745ab96710af13609886439452bfb34c5?s=96&d=mm&r=g","caption":"Carmen Krug"},"url":"https:\/\/sscvellmar.de\/wp\/author\/ckrug\/"}]}},"_links":{"self":[{"href":"https:\/\/sscvellmar.de\/wp\/wp-json\/wp\/v2\/posts\/2220","targetHints":{"allow":["GET"]}}],"collection":[{"href":"https:\/\/sscvellmar.de\/wp\/wp-json\/wp\/v2\/posts"}],"about":[{"href":"https:\/\/sscvellmar.de\/wp\/wp-json\/wp\/v2\/types\/post"}],"author":[{"embeddable":true,"href":"https:\/\/sscvellmar.de\/wp\/wp-json\/wp\/v2\/users\/20"}],"replies":[{"embeddable":true,"href":"https:\/\/sscvellmar.de\/wp\/wp-json\/wp\/v2\/comments?post=2220"}],"version-history":[{"count":1,"href":"https:\/\/sscvellmar.de\/wp\/wp-json\/wp\/v2\/posts\/2220\/revisions"}],"predecessor-version":[{"id":2221,"href":"https:\/\/sscvellmar.de\/wp\/wp-json\/wp\/v2\/posts\/2220\/revisions\/2221"}],"wp:featuredmedia":[{"embeddable":true,"href":"https:\/\/sscvellmar.de\/wp\/wp-json\/wp\/v2\/media\/1631"}],"wp:attachment":[{"href":"https:\/\/sscvellmar.de\/wp\/wp-json\/wp\/v2\/media?parent=2220"}],"wp:term":[{"taxonomy":"category","embeddable":true,"href":"https:\/\/sscvellmar.de\/wp\/wp-json\/wp\/v2\/categories?post=2220"},{"taxonomy":"post_tag","embeddable":true,"href":"https:\/\/sscvellmar.de\/wp\/wp-json\/wp\/v2\/tags?post=2220"}],"curies":[{"name":"wp","href":"https:\/\/api.w.org\/{rel}","templated":true}]}}