{"id":5051,"date":"2023-02-12T19:30:24","date_gmt":"2023-02-12T17:30:24","guid":{"rendered":"https:\/\/sscvellmar.de\/wp\/?p=5051"},"modified":"2023-02-18T14:15:15","modified_gmt":"2023-02-18T12:15:15","slug":"12-02-23-nordhessische-hallenmeisterschaften-in-bsa","status":"publish","type":"post","link":"https:\/\/sscvellmar.de\/wp\/2023\/02\/12-02-23-nordhessische-hallenmeisterschaften-in-bsa\/","title":{"rendered":"12.02.23 Nordhessische Hallenmeisterschaften in BSA"},"content":{"rendered":"\t\t<div data-elementor-type=\"wp-post\" data-elementor-id=\"5051\" class=\"elementor elementor-5051\">\n\t\t\t\t\t\t<section class=\"elementor-section elementor-top-section elementor-element elementor-element-3d394e0 elementor-section-boxed elementor-section-height-default elementor-section-height-default\" data-id=\"3d394e0\" data-element_type=\"section\" data-e-type=\"section\">\n\t\t\t\t\t\t<div class=\"elementor-container elementor-column-gap-default\">\n\t\t\t\t\t<div class=\"elementor-column elementor-col-100 elementor-top-column elementor-element elementor-element-c3cd222\" data-id=\"c3cd222\" data-element_type=\"column\" data-e-type=\"column\">\n\t\t\t<div class=\"elementor-widget-wrap elementor-element-populated\">\n\t\t\t\t\t\t<div class=\"elementor-element elementor-element-31a868f elementor-widget elementor-widget-heading\" data-id=\"31a868f\" data-element_type=\"widget\" data-e-type=\"widget\" data-widget_type=\"heading.default\">\n\t\t\t\t<div class=\"elementor-widget-container\">\n\t\t\t\t\t<h2 class=\"elementor-heading-title elementor-size-default\">SSC Team: 3xGOLD  2xSILBER  3xBRONZE<\/h2>\t\t\t\t<\/div>\n\t\t\t\t<\/div>\n\t\t\t\t\t<\/div>\n\t\t<\/div>\n\t\t\t\t\t<\/div>\n\t\t<\/section>\n\t\t\t\t<section class=\"elementor-section elementor-top-section elementor-element elementor-element-c2bd0e8 elementor-section-boxed elementor-section-height-default elementor-section-height-default\" data-id=\"c2bd0e8\" data-element_type=\"section\" data-e-type=\"section\">\n\t\t\t\t\t\t<div class=\"elementor-container elementor-column-gap-default\">\n\t\t\t\t\t<div class=\"elementor-column elementor-col-100 elementor-top-column elementor-element elementor-element-9bcde2e\" data-id=\"9bcde2e\" data-element_type=\"column\" data-e-type=\"column\">\n\t\t\t<div class=\"elementor-widget-wrap elementor-element-populated\">\n\t\t\t\t\t\t<div class=\"elementor-element elementor-element-ae59034 elementor-widget elementor-widget-heading\" data-id=\"ae59034\" data-element_type=\"widget\" data-e-type=\"widget\" data-widget_type=\"heading.default\">\n\t\t\t\t<div class=\"elementor-widget-container\">\n\t\t\t\t\t<h2 class=\"elementor-heading-title elementor-size-large\">Carolin Klupsch F   2x Nordhessenmeisterin Weit+Hoch!!!<div>Maja Trittel Nordhessenmeisterin W15 Kugel 9,73m!!!<\/div><\/h2>\t\t\t\t<\/div>\n\t\t\t\t<\/div>\n\t\t\t\t\t<\/div>\n\t\t<\/div>\n\t\t\t\t\t<\/div>\n\t\t<\/section>\n\t\t\t\t<section class=\"elementor-section elementor-top-section elementor-element elementor-element-e8a7b96 elementor-section-boxed elementor-section-height-default elementor-section-height-default\" data-id=\"e8a7b96\" data-element_type=\"section\" data-e-type=\"section\">\n\t\t\t\t\t\t<div class=\"elementor-container elementor-column-gap-default\">\n\t\t\t\t\t<div class=\"elementor-column elementor-col-100 elementor-top-column elementor-element elementor-element-14ff20e\" data-id=\"14ff20e\" data-element_type=\"column\" data-e-type=\"column\">\n\t\t\t<div class=\"elementor-widget-wrap elementor-element-populated\">\n\t\t\t\t\t\t<div class=\"elementor-element elementor-element-1bd3782 elementor-widget elementor-widget-text-editor\" data-id=\"1bd3782\" data-element_type=\"widget\" data-e-type=\"widget\" data-widget_type=\"text-editor.default\">\n\t\t\t\t<div class=\"elementor-widget-container\">\n\t\t\t\t\t\t\t\t\t<div dir=\"auto\" style=\"font-family: system-ui, -apple-system, BlinkMacSystemFont, '.SFNSText-Regular', sans-serif; caret-color: #050505; color: #050505; font-size: 15px; white-space: pre-wrap;\">Carolin<b> Klupsch F 2x Nordhessenmeisterin!!!<\/b><\/div><div dir=\"auto\"><span style=\"caret-color: #050505; color: #050505; font-family: system-ui, -apple-system, BlinkMacSystemFont, '.SFNSText-Regular', sans-serif; font-size: 15px; white-space: pre-wrap;\">Carolin gewann in BSA zwei Titel. Beim Weitsprung siegte sie souver\u00e4n mit 5,67m und hatte dabei keine Gegnerin zu f\u00fcrchten. Beim Hochsprung begann sie bei 1,52m und \u00fcbersprang diese H\u00f6he haushoch. Doch bei 1,58m bereits ein Fehlversuch, weil sie viel zu weit vor der Latte absprang. Es blieb bei 1,58m, weil sie die n\u00e4chste H\u00f6he 1,65m dreimal riss, obwohl sie die H\u00f6he m\u00fchelos geschafft h\u00e4tte, wenn der Abstand zur Latte gestimmt h\u00e4tte. Letztlich war nach vielen <\/span><span style=\"caret-color: #050505; color: #050505; font-family: system-ui, -apple-system, BlinkMacSystemFont, '.SFNSText-Regular', sans-serif; font-size: 15px; white-space: pre-wrap;\">Stunden in der ziemlich kalten Halle auch die Luft etwas raus. Beim 60m Sprint dann \ufffcder vierte Platz gegen starke Gegnerinnen in 8.36s. Das kann Caro auch besser. L\u00e4ngere Sprints liegen der Trainerin unserer Kids mehr.<\/span>\u00a0<\/div><div dir=\"auto\">\u00a0<\/div><div dir=\"auto\"><strong>Maja Trittel W 15Nordhessenmeisterin Kugel W15 9,73m!!!<\/strong><\/div><div dir=\"auto\">Maja schwebt auf einer Erfolgswelle. Die Newcomerin wurde k\u00fcrzlich Hessische Winterwurfmeisterin mit dem Speer mit einer Klasseleistung. In BSA lief sie zum aufw\u00e4rmen f\u00fcr das Kugelsto\u00dfen die 60m in 9.79m, um dann die Kugelkonkurrenz zu dominieren. Gleich im ersten Versuch flog die Kugel 9,45m weit, keine Gegnerin war Maja ebenb\u00fcrtig. Mit prima 9,73m wurde sie mit 1,23m Vorsprung Nordhessenmeisterin nach einer ausgezeichneten Serie.<\/div><div dir=\"auto\">Wir haben nichts dagegen, wenn es so weiter geht.<\/div><p>\u00a0<\/p><div dir=\"auto\" style=\"font-family: system-ui, -apple-system, BlinkMacSystemFont, '.SFNSText-Regular', sans-serif; caret-color: #050505; color: #050505; font-size: 15px; white-space: pre-wrap;\"><strong>Dana Ziegler U18<\/strong><\/div><div dir=\"auto\" style=\"font-family: system-ui, -apple-system, BlinkMacSystemFont, '.SFNSText-Regular', sans-serif; caret-color: #050505; color: #050505; font-size: 15px; white-space: pre-wrap;\">war gut in Bad Sooden Allendorf drauf. \u00dcberraschend wurde sie im 60m H\u00fcrdenlauf in 10.53s Vizemeisterin. Erstmals musste sie \u00fcber die ver\u00e4nderten (verl\u00e4ngerten) H\u00fcrdenabst\u00e4nde laufen, die sie erstmals 4 Tage vorher mit Turnschuhen auf normalem Hallenboden trainieren konnte. Dementsprechend lief sie sehr vorsichtig und \u00fcberlief die H\u00fcrden sehr hoch und ohne Frequenz um nicht zu st\u00fcrzen. Ebenso \u00fcberraschend dann Rang 3 beim Kugelsto\u00dfen mit guten 9,21m. 1,35m im Hochsprung -Verbesserung um 1cm &#8211; brachten den 6 Platz ein, wie auch der 60m Sprint (8.58s) und der Weitsprung (4,52m). Beim ersten technisch guten Weitsprungversuch verschenkte Dana \u00fcber 40cm, g\u00fcltig h\u00e4tten das etwa 4,85m und Bronze sein k\u00f6nnen, doch h\u00e4tte h\u00e4tte Fahradkette.<\/div><div dir=\"auto\" style=\"font-family: system-ui, -apple-system, BlinkMacSystemFont, '.SFNSText-Regular', sans-serif; caret-color: #050505; color: #050505; font-size: 15px; white-space: pre-wrap;\">Dana ist auf einem guten Weg.<\/div><div dir=\"auto\">\u00a0<\/div><div dir=\"auto\"><div dir=\"auto\"><strong>Karin Reitemeier F<\/strong><\/div><div dir=\"auto\">war mehr als doppelt so alt wie alle ihre Gegnerinnen. Als eigentliche W55igerin musste sie mit der schwereren 4 Kg Kugel sto\u00dfen. Hervorragend daf\u00fcr sind 8,76m, Rang 4 im zahlenm\u00e4\u00dfig kleinen Feld. Auch im Hochsprung mit 1,30m (2.) ein gl\u00e4nzendes Ergebnis der zur Zeit viertbesten Seniorin in Deutschland mit ihren 1,35m vom 14.1. in Stadtallendorf. Das gleiche gilt auch f\u00fcr den Weitsprung, wo sie mit ausgezeichneten 4,17m (womit sie nicht zufrieden war) als Dritte auf dem Podest stand. Mit 4,29m vom 14.1. ist sie bei W55 auf Platz 3 deutschlandweit . Als 8. beendete sie die 60m nach 9.27s.<\/div><div dir=\"auto\">Doch damit nicht genug. In einem Einlagelauf W55 lief sie die 60m H\u00fcrden au\u00dfer Konkurrenz in hervorragenden 10.98s, ist damit in Deutschland unerreicht.<\/div><div dir=\"auto\">Unglaublich die vielseitigen hervorragenden Leistungen als Seniorin, die in 2 Jahren bereits eine Sechzigerin sein wird.<\/div><\/div><div dir=\"auto\">\u00a0<\/div><div dir=\"auto\"><div dir=\"auto\"><strong>Clemens Grau M<\/strong><\/div><div dir=\"auto\">frisch gebackener Grundschullehrer (Gratulation)<\/div><div dir=\"auto\">war im Vorfeld lange Zeit krank und hatte mehrere Wochen nicht trainiert. Noch ist er nicht im Vollbesitz seiner Kr\u00e4fte. Das merkte man auch bei den \u201cNordhessischen\u201c. Beim Weitsprung wurde Clemens mit 5,66m Dritter, was nicht seinem Anspruch entspricht. Bald wird er wohl wieder in der Lage sein, jenseits der 6m zu landen. Die 60m lief er als 5. in 7.98s.<\/div><div dir=\"auto\">\u00a0<\/div><\/div><div dir=\"auto\"><div class=\"x11i5rnm xat24cr x1mh8g0r x1vvkbs xdj266r x126k92a\"><div dir=\"auto\"><strong>Anna Mazhara W15<\/strong><\/div><div dir=\"auto\">sprang in Bad Sooden Allendorf 3,88m weit, ihre Zeit im 60m Sprint betrug 9,62s. Sie verpasste damit den Endkampf bzw. Endlauf. Anna hat sich als Ukrainefl\u00fcchtling gut bei uns integriert<span class=\"x3nfvp2 x1j61x8r x1fcty0u xdj266r xhhsvwb xat24cr xgzva0m xxymvpz xlup9mm x1kky2od\"><img decoding=\"async\" src=\"https:\/\/static.xx.fbcdn.net\/images\/emoji.php\/v9\/tfc\/1\/16\/1f44d.png\" alt=\"\ud83d\udc4d\" width=\"16\" height=\"16\" \/><\/span><\/div><\/div><div class=\"x11i5rnm xat24cr x1mh8g0r x1vvkbs xtlvy1s x126k92a\"><div dir=\"auto\">Leider hatten die Weitspringer\u201cinnen aller Klassen nur wenige Minuten Zeit, ihren Anlauf auszumessen und sich einzuspringen, und Betreuer wurden aus dem Innenraum verwiesen. Coachen von der Empore aus war praktisch unm\u00f6glich, weil die Absprungbalken in der Regel von dort aus nicht sichtbar waren. So erzeugt man Stress, denn es handelt sich bei Nachwuchsathlet\u201cinnen nicht um Profisportler, die t\u00e4glich auf Kunststoffanlagen trainieren k\u00f6nnen.<\/div><div dir=\"auto\">Das soll kein Vorwurf an den Veranstalter sein, doch nur ein Anlauf ohne Korrekturm\u00f6glichkeiten erzeugt gelegentlich mehr Frust als Spa\u00df.<\/div><\/div><\/div>\t\t\t\t\t\t\t\t<\/div>\n\t\t\t\t<\/div>\n\t\t\t\t\t<\/div>\n\t\t<\/div>\n\t\t\t\t\t<\/div>\n\t\t<\/section>\n\t\t\t\t<section class=\"elementor-section elementor-top-section elementor-element elementor-element-e399ca2 elementor-section-boxed elementor-section-height-default elementor-section-height-default\" data-id=\"e399ca2\" data-element_type=\"section\" data-e-type=\"section\">\n\t\t\t\t\t\t<div class=\"elementor-container elementor-column-gap-default\">\n\t\t\t\t\t<div class=\"elementor-column elementor-col-100 elementor-top-column elementor-element elementor-element-99407b6\" data-id=\"99407b6\" data-element_type=\"column\" data-e-type=\"column\">\n\t\t\t<div class=\"elementor-widget-wrap elementor-element-populated\">\n\t\t\t\t\t\t<div class=\"elementor-element elementor-element-8379ca4 elementor-arrows-position-inside elementor-pagination-position-outside elementor-widget elementor-widget-image-carousel\" data-id=\"8379ca4\" data-element_type=\"widget\" data-e-type=\"widget\" data-settings=\"{&quot;slides_to_show&quot;:&quot;1&quot;,&quot;navigation&quot;:&quot;both&quot;,&quot;autoplay&quot;:&quot;yes&quot;,&quot;pause_on_hover&quot;:&quot;yes&quot;,&quot;pause_on_interaction&quot;:&quot;yes&quot;,&quot;autoplay_speed&quot;:5000,&quot;infinite&quot;:&quot;yes&quot;,&quot;effect&quot;:&quot;slide&quot;,&quot;speed&quot;:500}\" data-widget_type=\"image-carousel.default\">\n\t\t\t\t<div class=\"elementor-widget-container\">\n\t\t\t\t\t\t\t<div class=\"elementor-image-carousel-wrapper swiper\" role=\"region\" aria-roledescription=\"carousel\" aria-label=\"Bild Karussell\" dir=\"ltr\">\n\t\t\t<div class=\"elementor-image-carousel swiper-wrapper\" aria-live=\"off\">\n\t\t\t\t\t\t\t\t<div class=\"swiper-slide\" role=\"group\" aria-roledescription=\"slide\" aria-label=\"1 von 21\"><figure class=\"swiper-slide-inner\"><img decoding=\"async\" class=\"swiper-slide-image\" src=\"https:\/\/sscvellmar.de\/wp\/wp-content\/uploads\/elementor\/thumbs\/IMG_6040-scaled-q228ylwjwrc20i53m9e4xv5sn5avx55pa72xc1iv9g.jpg\" alt=\"Karin Reitemeier, Carolin Klupsch, Maja Trittel, Clemens Grau, Dana Ziegler, Anna Mazhara\" \/><figcaption class=\"elementor-image-carousel-caption\">Karin Reitemeier, Carolin Klupsch, Maja Trittel, Clemens Grau, Dana Ziegler, Anna Mazhara<\/figcaption><\/figure><\/div><div class=\"swiper-slide\" role=\"group\" aria-roledescription=\"slide\" aria-label=\"2 von 21\"><figure class=\"swiper-slide-inner\"><img decoding=\"async\" class=\"swiper-slide-image\" src=\"https:\/\/sscvellmar.de\/wp\/wp-content\/uploads\/elementor\/thumbs\/IMG_6010-scaled-q2caoa80of0yz9fj6g9ipe2wb54d5jb2li8dow5nds.jpg\" alt=\"IMG_6010\" \/><\/figure><\/div><div class=\"swiper-slide\" role=\"group\" aria-roledescription=\"slide\" aria-label=\"3 von 21\"><figure class=\"swiper-slide-inner\"><img decoding=\"async\" class=\"swiper-slide-image\" src=\"https:\/\/sscvellmar.de\/wp\/wp-content\/uploads\/elementor\/thumbs\/IMG_6119-scaled-q2caq9nr3tqrhmjrlb55yw1xgfc9ej6o7bta5x7q8w.jpg\" alt=\"IMG_6119\" \/><\/figure><\/div><div class=\"swiper-slide\" role=\"group\" aria-roledescription=\"slide\" aria-label=\"4 von 21\"><figure class=\"swiper-slide-inner\"><img decoding=\"async\" class=\"swiper-slide-image\" src=\"https:\/\/sscvellmar.de\/wp\/wp-content\/uploads\/elementor\/thumbs\/IMG_6110-scaled-q2capo1gqmx62lf63jsqvjibskathhsugct44k3s80.jpg\" alt=\"IMG_6110\" \/><\/figure><\/div><div class=\"swiper-slide\" role=\"group\" aria-roledescription=\"slide\" aria-label=\"5 von 21\"><figure class=\"swiper-slide-inner\"><img decoding=\"async\" class=\"swiper-slide-image\" src=\"https:\/\/sscvellmar.de\/wp\/wp-content\/uploads\/elementor\/thumbs\/IMG_5875-scaled-q2cau5ppe52hjiwbvhokseplyu5y9fmoel0mo5g2hs.jpg\" alt=\"IMG_5875\" \/><\/figure><\/div><div class=\"swiper-slide\" role=\"group\" aria-roledescription=\"slide\" aria-label=\"6 von 21\"><figure class=\"swiper-slide-inner\"><img decoding=\"async\" class=\"swiper-slide-image\" src=\"https:\/\/sscvellmar.de\/wp\/wp-content\/uploads\/elementor\/thumbs\/IMG_5964-scaled-q2cav1o7uia8i9lwovhw56na5xsfj55juz74zk4om8.jpg\" alt=\"IMG_5964\" \/><\/figure><\/div><div class=\"swiper-slide\" role=\"group\" aria-roledescription=\"slide\" aria-label=\"7 von 21\"><figure class=\"swiper-slide-inner\"><img decoding=\"async\" class=\"swiper-slide-image\" src=\"https:\/\/sscvellmar.de\/wp\/wp-content\/uploads\/elementor\/thumbs\/IMG_6076-scaled-q2caoxpzf9x51ihed8f6xq5f5rwjhywd0qjiot6t28.jpg\" alt=\"IMG_6076\" \/><\/figure><\/div><div class=\"swiper-slide\" role=\"group\" aria-roledescription=\"slide\" aria-label=\"8 von 21\"><figure class=\"swiper-slide-inner\"><img decoding=\"async\" class=\"swiper-slide-image\" src=\"https:\/\/sscvellmar.de\/wp\/wp-content\/uploads\/elementor\/thumbs\/IMG_6046-scaled-q2caokk8rlf4iz0ii2qeytgyudpei7g4axepyxqbhc.jpg\" alt=\"IMG_6046\" \/><\/figure><\/div><div class=\"swiper-slide\" role=\"group\" aria-roledescription=\"slide\" aria-label=\"9 von 21\"><figure class=\"swiper-slide-inner\"><img decoding=\"async\" class=\"swiper-slide-image\" src=\"https:\/\/sscvellmar.de\/wp\/wp-content\/uploads\/elementor\/thumbs\/IMG_6175-scaled-q2card4z2v8t18yf6s7hvm3aelxodtjecr7objl6zk.jpg\" alt=\"IMG_6175\" \/><\/figure><\/div><div class=\"swiper-slide\" role=\"group\" aria-roledescription=\"slide\" aria-label=\"10 von 21\"><figure class=\"swiper-slide-inner\"><img decoding=\"async\" class=\"swiper-slide-image\" src=\"https:\/\/sscvellmar.de\/wp\/wp-content\/uploads\/elementor\/thumbs\/IMG_5885-scaled-q2caue693ne2g0k1i3c7wukrbb096pk9fqvzzn3ixs.jpg\" alt=\"IMG_5885\" \/><\/figure><\/div><div class=\"swiper-slide\" role=\"group\" aria-roledescription=\"slide\" aria-label=\"11 von 21\"><figure class=\"swiper-slide-inner\"><img decoding=\"async\" class=\"swiper-slide-image\" src=\"https:\/\/sscvellmar.de\/wp\/wp-content\/uploads\/elementor\/thumbs\/IMG_6118-scaled-q2caq251l5ggwquot7w5exy8pcdboyctialebpivmo.jpg\" alt=\"IMG_6118\" \/><\/figure><\/div><div class=\"swiper-slide\" role=\"group\" aria-roledescription=\"slide\" aria-label=\"12 von 21\"><figure class=\"swiper-slide-inner\"><img decoding=\"async\" class=\"swiper-slide-image\" src=\"https:\/\/sscvellmar.de\/wp\/wp-content\/uploads\/elementor\/thumbs\/IMG_5955-scaled-q2caut7o4zynlry729u90qs4tgy4lv7yttbro2h868.jpg\" alt=\"IMG_5955\" \/><\/figure><\/div><div class=\"swiper-slide\" role=\"group\" aria-roledescription=\"slide\" aria-label=\"13 von 21\"><figure class=\"swiper-slide-inner\"><img decoding=\"async\" class=\"swiper-slide-image\" src=\"https:\/\/sscvellmar.de\/wp\/wp-content\/uploads\/elementor\/thumbs\/IMG_5894-scaled-q2caummst5pnci7r4ozv1afwnruk3zhugwrdb4qzds.jpg\" alt=\"IMG_5894\" \/><\/figure><\/div><div class=\"swiper-slide\" role=\"group\" aria-roledescription=\"slide\" aria-label=\"14 von 21\"><figure class=\"swiper-slide-inner\"><img decoding=\"async\" class=\"swiper-slide-image\" src=\"https:\/\/sscvellmar.de\/wp\/wp-content\/uploads\/elementor\/thumbs\/IMG_6163-scaled-q2caqw7vnuln89mzxkw7mqczpo92j9o8afgxokaa3k.jpg\" alt=\"IMG_6163\" \/><\/figure><\/div><div class=\"swiper-slide\" role=\"group\" aria-roledescription=\"slide\" aria-label=\"15 von 21\"><figure class=\"swiper-slide-inner\"><img decoding=\"async\" class=\"swiper-slide-image\" src=\"https:\/\/sscvellmar.de\/wp\/wp-content\/uploads\/elementor\/thumbs\/IMG_6201-scaled-q2cas4eal2a4dxutrlzodx7nms7bl1jm4i4r8kgrz4.jpg\" alt=\"IMG_6201\" \/><\/figure><\/div><div class=\"swiper-slide\" role=\"group\" aria-roledescription=\"slide\" aria-label=\"16 von 21\"><figure class=\"swiper-slide-inner\"><img decoding=\"async\" class=\"swiper-slide-image\" src=\"https:\/\/sscvellmar.de\/wp\/wp-content\/uploads\/elementor\/thumbs\/IMG_6170-scaled-q2car4ofdcx84rapk6jur685253dgjltblcb01xqjk.jpg\" alt=\"IMG_6170\" \/><\/figure><\/div><div class=\"swiper-slide\" role=\"group\" aria-roledescription=\"slide\" aria-label=\"17 von 21\"><figure class=\"swiper-slide-inner\"><img decoding=\"async\" class=\"swiper-slide-image\" src=\"https:\/\/sscvellmar.de\/wp\/wp-content\/uploads\/elementor\/thumbs\/IMG_6192-scaled-q2carwvl2dztt25qziqntz3yvp8dvgprfgwvecrxcw.jpg\" alt=\"IMG_6192\" \/><\/figure><\/div><div class=\"swiper-slide\" role=\"group\" aria-roledescription=\"slide\" aria-label=\"18 von 21\"><figure class=\"swiper-slide-inner\"><img decoding=\"async\" class=\"swiper-slide-image\" src=\"https:\/\/sscvellmar.de\/wp\/wp-content\/uploads\/elementor\/thumbs\/IMG_5941-scaled-q2caytytdhgt9q3xl0esoq94at4nj96mppsjkoilk0.jpg\" alt=\"IMG_5941\" \/><\/figure><\/div><div class=\"swiper-slide\" role=\"group\" aria-roledescription=\"slide\" aria-label=\"19 von 21\"><figure class=\"swiper-slide-inner\"><img decoding=\"async\" class=\"swiper-slide-image\" src=\"https:\/\/sscvellmar.de\/wp\/wp-content\/uploads\/elementor\/thumbs\/IMG_6213-scaled-q2cascuuaklpafije7nbid2sz91mibh75o04k248f4.jpg\" alt=\"IMG_6213\" \/><\/figure><\/div><div class=\"swiper-slide\" role=\"group\" aria-roledescription=\"slide\" aria-label=\"20 von 21\"><figure class=\"swiper-slide-inner\"><img decoding=\"async\" class=\"swiper-slide-image\" src=\"https:\/\/sscvellmar.de\/wp\/wp-content\/uploads\/elementor\/thumbs\/IMG_6085-scaled-q2cap74dbma09m3quchgmns13mm7mxxoe12dhksvc0.jpg\" alt=\"IMG_6085\" \/><\/figure><\/div><div class=\"swiper-slide\" role=\"group\" aria-roledescription=\"slide\" aria-label=\"21 von 21\"><figure class=\"swiper-slide-inner\"><img decoding=\"async\" class=\"swiper-slide-image\" src=\"https:\/\/sscvellmar.de\/wp\/wp-content\/uploads\/elementor\/thumbs\/IMG_5974-scaled-q2cava4rk0lter9mbh5j9mifiemqgf34w52ib1s528.jpg\" alt=\"IMG_5974\" \/><\/figure><\/div>\t\t\t<\/div>\n\t\t\t\t\t\t\t\t\t\t\t\t<div class=\"elementor-swiper-button elementor-swiper-button-prev\" role=\"button\" tabindex=\"0\">\n\t\t\t\t\t\t<i aria-hidden=\"true\" class=\"eicon-chevron-left\"><\/i>\t\t\t\t\t<\/div>\n\t\t\t\t\t<div class=\"elementor-swiper-button elementor-swiper-button-next\" role=\"button\" tabindex=\"0\">\n\t\t\t\t\t\t<i aria-hidden=\"true\" class=\"eicon-chevron-right\"><\/i>\t\t\t\t\t<\/div>\n\t\t\t\t\n\t\t\t\t\t\t\t\t\t<div class=\"swiper-pagination\"><\/div>\n\t\t\t\t\t\t\t\t\t<\/div>\n\t\t\t\t\t\t<\/div>\n\t\t\t\t<\/div>\n\t\t\t\t\t<\/div>\n\t\t<\/div>\n\t\t\t\t\t<\/div>\n\t\t<\/section>\n\t\t\t\t<\/div>\n\t\t","protected":false},"excerpt":{"rendered":"<p>SSC Team: 3xGOLD 2xSILBER 3xBRONZE Carolin Klupsch F 2x Nordhessenmeisterin Weit+Hoch!!!Maja Trittel Nordhessenmeisterin W15 Kugel 9,73m!!! Carolin Klupsch F 2x Nordhessenmeisterin!!!Carolin gewann in BSA zwei Titel. Beim Weitsprung siegte sie [&hellip;]<\/p>\n","protected":false},"author":5,"featured_media":5052,"comment_status":"closed","ping_status":"open","sticky":false,"template":"","format":"standard","meta":{"footnotes":""},"categories":[5],"tags":[],"class_list":["post-5051","post","type-post","status-publish","format-standard","has-post-thumbnail","hentry","category-leichtathletik"],"yoast_head":"<!-- This site is optimized with the Yoast SEO plugin v27.4 - https:\/\/yoast.com\/product\/yoast-seo-wordpress\/ -->\n<title>12.02.23 Nordhessische Hallenmeisterschaften in BSA - SSC Vellmar LA+RKS+LSW Kalender<\/title>\n<meta name=\"robots\" content=\"index, follow, max-snippet:-1, max-image-preview:large, max-video-preview:-1\" \/>\n<link rel=\"canonical\" href=\"https:\/\/sscvellmar.de\/wp\/2023\/02\/12-02-23-nordhessische-hallenmeisterschaften-in-bsa\/\" \/>\n<meta property=\"og:locale\" content=\"de_DE\" \/>\n<meta property=\"og:type\" content=\"article\" \/>\n<meta property=\"og:title\" content=\"12.02.23 Nordhessische Hallenmeisterschaften in BSA - SSC Vellmar LA+RKS+LSW Kalender\" \/>\n<meta property=\"og:description\" content=\"SSC Team: 3xGOLD 2xSILBER 3xBRONZE Carolin Klupsch F 2x Nordhessenmeisterin Weit+Hoch!!!Maja Trittel Nordhessenmeisterin W15 Kugel 9,73m!!! Carolin Klupsch F 2x Nordhessenmeisterin!!!Carolin gewann in BSA zwei Titel. Beim Weitsprung siegte sie [&hellip;]\" \/>\n<meta property=\"og:url\" content=\"https:\/\/sscvellmar.de\/wp\/2023\/02\/12-02-23-nordhessische-hallenmeisterschaften-in-bsa\/\" \/>\n<meta property=\"og:site_name\" content=\"SSC Vellmar LA+RKS+LSW Kalender\" \/>\n<meta property=\"article:published_time\" content=\"2023-02-12T17:30:24+00:00\" \/>\n<meta property=\"article:modified_time\" content=\"2023-02-18T12:15:15+00:00\" \/>\n<meta property=\"og:image\" content=\"https:\/\/sscvellmar.de\/wp\/wp-content\/uploads\/2023\/02\/IMG_6040-scaled.jpg\" \/>\n\t<meta property=\"og:image:width\" content=\"2560\" \/>\n\t<meta property=\"og:image:height\" content=\"1067\" \/>\n\t<meta property=\"og:image:type\" content=\"image\/jpeg\" \/>\n<meta name=\"author\" content=\"Carmen T.\" \/>\n<meta name=\"twitter:card\" content=\"summary_large_image\" \/>\n<meta name=\"twitter:label1\" content=\"Verfasst von\" \/>\n\t<meta name=\"twitter:data1\" content=\"Carmen T.\" \/>\n\t<meta name=\"twitter:label2\" content=\"Gesch\u00e4tzte Lesezeit\" \/>\n\t<meta name=\"twitter:data2\" content=\"9\u00a0Minuten\" \/>\n<script type=\"application\/ld+json\" class=\"yoast-schema-graph\">{\"@context\":\"https:\\\/\\\/schema.org\",\"@graph\":[{\"@type\":\"Article\",\"@id\":\"https:\\\/\\\/sscvellmar.de\\\/wp\\\/2023\\\/02\\\/12-02-23-nordhessische-hallenmeisterschaften-in-bsa\\\/#article\",\"isPartOf\":{\"@id\":\"https:\\\/\\\/sscvellmar.de\\\/wp\\\/2023\\\/02\\\/12-02-23-nordhessische-hallenmeisterschaften-in-bsa\\\/\"},\"author\":{\"name\":\"Carmen T.\",\"@id\":\"https:\\\/\\\/sscvellmar.de\\\/wp\\\/#\\\/schema\\\/person\\\/8c61269e9b29912048c39c53318424ce\"},\"headline\":\"12.02.23 Nordhessische Hallenmeisterschaften in BSA\",\"datePublished\":\"2023-02-12T17:30:24+00:00\",\"dateModified\":\"2023-02-18T12:15:15+00:00\",\"mainEntityOfPage\":{\"@id\":\"https:\\\/\\\/sscvellmar.de\\\/wp\\\/2023\\\/02\\\/12-02-23-nordhessische-hallenmeisterschaften-in-bsa\\\/\"},\"wordCount\":704,\"publisher\":{\"@id\":\"https:\\\/\\\/sscvellmar.de\\\/wp\\\/#organization\"},\"image\":{\"@id\":\"https:\\\/\\\/sscvellmar.de\\\/wp\\\/2023\\\/02\\\/12-02-23-nordhessische-hallenmeisterschaften-in-bsa\\\/#primaryimage\"},\"thumbnailUrl\":\"https:\\\/\\\/sscvellmar.de\\\/wp\\\/wp-content\\\/uploads\\\/2023\\\/02\\\/IMG_6040-scaled.jpg\",\"articleSection\":[\"NEWS Leichtathletik+ RKS+ LSW\"],\"inLanguage\":\"de\"},{\"@type\":\"WebPage\",\"@id\":\"https:\\\/\\\/sscvellmar.de\\\/wp\\\/2023\\\/02\\\/12-02-23-nordhessische-hallenmeisterschaften-in-bsa\\\/\",\"url\":\"https:\\\/\\\/sscvellmar.de\\\/wp\\\/2023\\\/02\\\/12-02-23-nordhessische-hallenmeisterschaften-in-bsa\\\/\",\"name\":\"12.02.23 Nordhessische Hallenmeisterschaften in BSA - SSC Vellmar LA+RKS+LSW Kalender\",\"isPartOf\":{\"@id\":\"https:\\\/\\\/sscvellmar.de\\\/wp\\\/#website\"},\"primaryImageOfPage\":{\"@id\":\"https:\\\/\\\/sscvellmar.de\\\/wp\\\/2023\\\/02\\\/12-02-23-nordhessische-hallenmeisterschaften-in-bsa\\\/#primaryimage\"},\"image\":{\"@id\":\"https:\\\/\\\/sscvellmar.de\\\/wp\\\/2023\\\/02\\\/12-02-23-nordhessische-hallenmeisterschaften-in-bsa\\\/#primaryimage\"},\"thumbnailUrl\":\"https:\\\/\\\/sscvellmar.de\\\/wp\\\/wp-content\\\/uploads\\\/2023\\\/02\\\/IMG_6040-scaled.jpg\",\"datePublished\":\"2023-02-12T17:30:24+00:00\",\"dateModified\":\"2023-02-18T12:15:15+00:00\",\"breadcrumb\":{\"@id\":\"https:\\\/\\\/sscvellmar.de\\\/wp\\\/2023\\\/02\\\/12-02-23-nordhessische-hallenmeisterschaften-in-bsa\\\/#breadcrumb\"},\"inLanguage\":\"de\",\"potentialAction\":[{\"@type\":\"ReadAction\",\"target\":[\"https:\\\/\\\/sscvellmar.de\\\/wp\\\/2023\\\/02\\\/12-02-23-nordhessische-hallenmeisterschaften-in-bsa\\\/\"]}]},{\"@type\":\"ImageObject\",\"inLanguage\":\"de\",\"@id\":\"https:\\\/\\\/sscvellmar.de\\\/wp\\\/2023\\\/02\\\/12-02-23-nordhessische-hallenmeisterschaften-in-bsa\\\/#primaryimage\",\"url\":\"https:\\\/\\\/sscvellmar.de\\\/wp\\\/wp-content\\\/uploads\\\/2023\\\/02\\\/IMG_6040-scaled.jpg\",\"contentUrl\":\"https:\\\/\\\/sscvellmar.de\\\/wp\\\/wp-content\\\/uploads\\\/2023\\\/02\\\/IMG_6040-scaled.jpg\",\"width\":2560,\"height\":1067,\"caption\":\"Karin Reitemeier, Carolin Klupsch, Maja Trittel, Clemens Grau, Dana Ziegler, Anna Mazhara\"},{\"@type\":\"BreadcrumbList\",\"@id\":\"https:\\\/\\\/sscvellmar.de\\\/wp\\\/2023\\\/02\\\/12-02-23-nordhessische-hallenmeisterschaften-in-bsa\\\/#breadcrumb\",\"itemListElement\":[{\"@type\":\"ListItem\",\"position\":1,\"name\":\"Startseite\",\"item\":\"https:\\\/\\\/sscvellmar.de\\\/wp\\\/\"},{\"@type\":\"ListItem\",\"position\":2,\"name\":\"12.02.23 Nordhessische Hallenmeisterschaften in BSA\"}]},{\"@type\":\"WebSite\",\"@id\":\"https:\\\/\\\/sscvellmar.de\\\/wp\\\/#website\",\"url\":\"https:\\\/\\\/sscvellmar.de\\\/wp\\\/\",\"name\":\"SSC Vellmar LA+RKS+LSW Kalender\",\"description\":\"SSC Vellmar von 1973 e.V.\",\"publisher\":{\"@id\":\"https:\\\/\\\/sscvellmar.de\\\/wp\\\/#organization\"},\"potentialAction\":[{\"@type\":\"SearchAction\",\"target\":{\"@type\":\"EntryPoint\",\"urlTemplate\":\"https:\\\/\\\/sscvellmar.de\\\/wp\\\/?s={search_term_string}\"},\"query-input\":{\"@type\":\"PropertyValueSpecification\",\"valueRequired\":true,\"valueName\":\"search_term_string\"}}],\"inLanguage\":\"de\"},{\"@type\":\"Organization\",\"@id\":\"https:\\\/\\\/sscvellmar.de\\\/wp\\\/#organization\",\"name\":\"SSC Vellmar LA+RKS+LSW Kalender\",\"url\":\"https:\\\/\\\/sscvellmar.de\\\/wp\\\/\",\"logo\":{\"@type\":\"ImageObject\",\"inLanguage\":\"de\",\"@id\":\"https:\\\/\\\/sscvellmar.de\\\/wp\\\/#\\\/schema\\\/logo\\\/image\\\/\",\"url\":\"https:\\\/\\\/sscvellmar.de\\\/wp\\\/wp-content\\\/uploads\\\/2024\\\/12\\\/Bild.heic\",\"contentUrl\":\"https:\\\/\\\/sscvellmar.de\\\/wp\\\/wp-content\\\/uploads\\\/2024\\\/12\\\/Bild.heic\",\"caption\":\"SSC Vellmar LA+RKS+LSW Kalender\"},\"image\":{\"@id\":\"https:\\\/\\\/sscvellmar.de\\\/wp\\\/#\\\/schema\\\/logo\\\/image\\\/\"}},{\"@type\":\"Person\",\"@id\":\"https:\\\/\\\/sscvellmar.de\\\/wp\\\/#\\\/schema\\\/person\\\/8c61269e9b29912048c39c53318424ce\",\"name\":\"Carmen T.\",\"image\":{\"@type\":\"ImageObject\",\"inLanguage\":\"de\",\"@id\":\"https:\\\/\\\/secure.gravatar.com\\\/avatar\\\/44569c05fe11e8c35b2686476404a7ab56458c2f87fe972d473fc5c53aabba35?s=96&d=mm&r=g\",\"url\":\"https:\\\/\\\/secure.gravatar.com\\\/avatar\\\/44569c05fe11e8c35b2686476404a7ab56458c2f87fe972d473fc5c53aabba35?s=96&d=mm&r=g\",\"contentUrl\":\"https:\\\/\\\/secure.gravatar.com\\\/avatar\\\/44569c05fe11e8c35b2686476404a7ab56458c2f87fe972d473fc5c53aabba35?s=96&d=mm&r=g\",\"caption\":\"Carmen T.\"},\"url\":\"https:\\\/\\\/sscvellmar.de\\\/wp\\\/author\\\/carmen\\\/\"}]}<\/script>\n<!-- \/ Yoast SEO plugin. -->","yoast_head_json":{"title":"12.02.23 Nordhessische Hallenmeisterschaften in BSA - SSC Vellmar LA+RKS+LSW Kalender","robots":{"index":"index","follow":"follow","max-snippet":"max-snippet:-1","max-image-preview":"max-image-preview:large","max-video-preview":"max-video-preview:-1"},"canonical":"https:\/\/sscvellmar.de\/wp\/2023\/02\/12-02-23-nordhessische-hallenmeisterschaften-in-bsa\/","og_locale":"de_DE","og_type":"article","og_title":"12.02.23 Nordhessische Hallenmeisterschaften in BSA - SSC Vellmar LA+RKS+LSW Kalender","og_description":"SSC Team: 3xGOLD 2xSILBER 3xBRONZE Carolin Klupsch F 2x Nordhessenmeisterin Weit+Hoch!!!Maja Trittel Nordhessenmeisterin W15 Kugel 9,73m!!! Carolin Klupsch F 2x Nordhessenmeisterin!!!Carolin gewann in BSA zwei Titel. Beim Weitsprung siegte sie [&hellip;]","og_url":"https:\/\/sscvellmar.de\/wp\/2023\/02\/12-02-23-nordhessische-hallenmeisterschaften-in-bsa\/","og_site_name":"SSC Vellmar LA+RKS+LSW Kalender","article_published_time":"2023-02-12T17:30:24+00:00","article_modified_time":"2023-02-18T12:15:15+00:00","og_image":[{"width":2560,"height":1067,"url":"https:\/\/sscvellmar.de\/wp\/wp-content\/uploads\/2023\/02\/IMG_6040-scaled.jpg","type":"image\/jpeg"}],"author":"Carmen T.","twitter_card":"summary_large_image","twitter_misc":{"Verfasst von":"Carmen T.","Gesch\u00e4tzte Lesezeit":"9\u00a0Minuten"},"schema":{"@context":"https:\/\/schema.org","@graph":[{"@type":"Article","@id":"https:\/\/sscvellmar.de\/wp\/2023\/02\/12-02-23-nordhessische-hallenmeisterschaften-in-bsa\/#article","isPartOf":{"@id":"https:\/\/sscvellmar.de\/wp\/2023\/02\/12-02-23-nordhessische-hallenmeisterschaften-in-bsa\/"},"author":{"name":"Carmen T.","@id":"https:\/\/sscvellmar.de\/wp\/#\/schema\/person\/8c61269e9b29912048c39c53318424ce"},"headline":"12.02.23 Nordhessische Hallenmeisterschaften in BSA","datePublished":"2023-02-12T17:30:24+00:00","dateModified":"2023-02-18T12:15:15+00:00","mainEntityOfPage":{"@id":"https:\/\/sscvellmar.de\/wp\/2023\/02\/12-02-23-nordhessische-hallenmeisterschaften-in-bsa\/"},"wordCount":704,"publisher":{"@id":"https:\/\/sscvellmar.de\/wp\/#organization"},"image":{"@id":"https:\/\/sscvellmar.de\/wp\/2023\/02\/12-02-23-nordhessische-hallenmeisterschaften-in-bsa\/#primaryimage"},"thumbnailUrl":"https:\/\/sscvellmar.de\/wp\/wp-content\/uploads\/2023\/02\/IMG_6040-scaled.jpg","articleSection":["NEWS Leichtathletik+ RKS+ LSW"],"inLanguage":"de"},{"@type":"WebPage","@id":"https:\/\/sscvellmar.de\/wp\/2023\/02\/12-02-23-nordhessische-hallenmeisterschaften-in-bsa\/","url":"https:\/\/sscvellmar.de\/wp\/2023\/02\/12-02-23-nordhessische-hallenmeisterschaften-in-bsa\/","name":"12.02.23 Nordhessische Hallenmeisterschaften in BSA - SSC Vellmar LA+RKS+LSW Kalender","isPartOf":{"@id":"https:\/\/sscvellmar.de\/wp\/#website"},"primaryImageOfPage":{"@id":"https:\/\/sscvellmar.de\/wp\/2023\/02\/12-02-23-nordhessische-hallenmeisterschaften-in-bsa\/#primaryimage"},"image":{"@id":"https:\/\/sscvellmar.de\/wp\/2023\/02\/12-02-23-nordhessische-hallenmeisterschaften-in-bsa\/#primaryimage"},"thumbnailUrl":"https:\/\/sscvellmar.de\/wp\/wp-content\/uploads\/2023\/02\/IMG_6040-scaled.jpg","datePublished":"2023-02-12T17:30:24+00:00","dateModified":"2023-02-18T12:15:15+00:00","breadcrumb":{"@id":"https:\/\/sscvellmar.de\/wp\/2023\/02\/12-02-23-nordhessische-hallenmeisterschaften-in-bsa\/#breadcrumb"},"inLanguage":"de","potentialAction":[{"@type":"ReadAction","target":["https:\/\/sscvellmar.de\/wp\/2023\/02\/12-02-23-nordhessische-hallenmeisterschaften-in-bsa\/"]}]},{"@type":"ImageObject","inLanguage":"de","@id":"https:\/\/sscvellmar.de\/wp\/2023\/02\/12-02-23-nordhessische-hallenmeisterschaften-in-bsa\/#primaryimage","url":"https:\/\/sscvellmar.de\/wp\/wp-content\/uploads\/2023\/02\/IMG_6040-scaled.jpg","contentUrl":"https:\/\/sscvellmar.de\/wp\/wp-content\/uploads\/2023\/02\/IMG_6040-scaled.jpg","width":2560,"height":1067,"caption":"Karin Reitemeier, Carolin Klupsch, Maja Trittel, Clemens Grau, Dana Ziegler, Anna Mazhara"},{"@type":"BreadcrumbList","@id":"https:\/\/sscvellmar.de\/wp\/2023\/02\/12-02-23-nordhessische-hallenmeisterschaften-in-bsa\/#breadcrumb","itemListElement":[{"@type":"ListItem","position":1,"name":"Startseite","item":"https:\/\/sscvellmar.de\/wp\/"},{"@type":"ListItem","position":2,"name":"12.02.23 Nordhessische Hallenmeisterschaften in BSA"}]},{"@type":"WebSite","@id":"https:\/\/sscvellmar.de\/wp\/#website","url":"https:\/\/sscvellmar.de\/wp\/","name":"SSC Vellmar LA+RKS+LSW Kalender","description":"SSC Vellmar von 1973 e.V.","publisher":{"@id":"https:\/\/sscvellmar.de\/wp\/#organization"},"potentialAction":[{"@type":"SearchAction","target":{"@type":"EntryPoint","urlTemplate":"https:\/\/sscvellmar.de\/wp\/?s={search_term_string}"},"query-input":{"@type":"PropertyValueSpecification","valueRequired":true,"valueName":"search_term_string"}}],"inLanguage":"de"},{"@type":"Organization","@id":"https:\/\/sscvellmar.de\/wp\/#organization","name":"SSC Vellmar LA+RKS+LSW Kalender","url":"https:\/\/sscvellmar.de\/wp\/","logo":{"@type":"ImageObject","inLanguage":"de","@id":"https:\/\/sscvellmar.de\/wp\/#\/schema\/logo\/image\/","url":"https:\/\/sscvellmar.de\/wp\/wp-content\/uploads\/2024\/12\/Bild.heic","contentUrl":"https:\/\/sscvellmar.de\/wp\/wp-content\/uploads\/2024\/12\/Bild.heic","caption":"SSC Vellmar LA+RKS+LSW Kalender"},"image":{"@id":"https:\/\/sscvellmar.de\/wp\/#\/schema\/logo\/image\/"}},{"@type":"Person","@id":"https:\/\/sscvellmar.de\/wp\/#\/schema\/person\/8c61269e9b29912048c39c53318424ce","name":"Carmen T.","image":{"@type":"ImageObject","inLanguage":"de","@id":"https:\/\/secure.gravatar.com\/avatar\/44569c05fe11e8c35b2686476404a7ab56458c2f87fe972d473fc5c53aabba35?s=96&d=mm&r=g","url":"https:\/\/secure.gravatar.com\/avatar\/44569c05fe11e8c35b2686476404a7ab56458c2f87fe972d473fc5c53aabba35?s=96&d=mm&r=g","contentUrl":"https:\/\/secure.gravatar.com\/avatar\/44569c05fe11e8c35b2686476404a7ab56458c2f87fe972d473fc5c53aabba35?s=96&d=mm&r=g","caption":"Carmen T."},"url":"https:\/\/sscvellmar.de\/wp\/author\/carmen\/"}]}},"_links":{"self":[{"href":"https:\/\/sscvellmar.de\/wp\/wp-json\/wp\/v2\/posts\/5051","targetHints":{"allow":["GET"]}}],"collection":[{"href":"https:\/\/sscvellmar.de\/wp\/wp-json\/wp\/v2\/posts"}],"about":[{"href":"https:\/\/sscvellmar.de\/wp\/wp-json\/wp\/v2\/types\/post"}],"author":[{"embeddable":true,"href":"https:\/\/sscvellmar.de\/wp\/wp-json\/wp\/v2\/users\/5"}],"replies":[{"embeddable":true,"href":"https:\/\/sscvellmar.de\/wp\/wp-json\/wp\/v2\/comments?post=5051"}],"version-history":[{"count":36,"href":"https:\/\/sscvellmar.de\/wp\/wp-json\/wp\/v2\/posts\/5051\/revisions"}],"predecessor-version":[{"id":5115,"href":"https:\/\/sscvellmar.de\/wp\/wp-json\/wp\/v2\/posts\/5051\/revisions\/5115"}],"wp:featuredmedia":[{"embeddable":true,"href":"https:\/\/sscvellmar.de\/wp\/wp-json\/wp\/v2\/media\/5052"}],"wp:attachment":[{"href":"https:\/\/sscvellmar.de\/wp\/wp-json\/wp\/v2\/media?parent=5051"}],"wp:term":[{"taxonomy":"category","embeddable":true,"href":"https:\/\/sscvellmar.de\/wp\/wp-json\/wp\/v2\/categories?post=5051"},{"taxonomy":"post_tag","embeddable":true,"href":"https:\/\/sscvellmar.de\/wp\/wp-json\/wp\/v2\/tags?post=5051"}],"curies":[{"name":"wp","href":"https:\/\/api.w.org\/{rel}","templated":true}]}}