{"id":5663,"date":"2023-04-30T10:33:04","date_gmt":"2023-04-30T08:33:04","guid":{"rendered":"https:\/\/sscvellmar.de\/wp\/?p=5663"},"modified":"2023-05-09T23:23:34","modified_gmt":"2023-05-09T21:23:34","slug":"29-04-23-werfertag-in-goettingen","status":"publish","type":"post","link":"https:\/\/sscvellmar.de\/wp\/2023\/04\/29-04-23-werfertag-in-goettingen\/","title":{"rendered":"29.04.23 Werfertag in G\u00f6ttingen"},"content":{"rendered":"\t\t<div data-elementor-type=\"wp-post\" data-elementor-id=\"5663\" class=\"elementor elementor-5663\">\n\t\t\t\t\t\t<section class=\"elementor-section elementor-top-section elementor-element elementor-element-49b01dd elementor-section-boxed elementor-section-height-default elementor-section-height-default\" data-id=\"49b01dd\" data-element_type=\"section\" data-e-type=\"section\">\n\t\t\t\t\t\t<div class=\"elementor-container elementor-column-gap-default\">\n\t\t\t\t\t<div class=\"elementor-column elementor-col-100 elementor-top-column elementor-element elementor-element-991b8a8\" data-id=\"991b8a8\" data-element_type=\"column\" data-e-type=\"column\">\n\t\t\t<div class=\"elementor-widget-wrap elementor-element-populated\">\n\t\t\t\t\t\t<div class=\"elementor-element elementor-element-6f00320 elementor-widget elementor-widget-heading\" data-id=\"6f00320\" data-element_type=\"widget\" data-e-type=\"widget\" data-widget_type=\"heading.default\">\n\t\t\t\t<div class=\"elementor-widget-container\">\n\t\t\t\t\t<h2 class=\"elementor-heading-title elementor-size-default\">SSCer trumpfen mit tollen Weiten auf! <br>18 Tagessiege!<br><br>Maja Trittel W15 Speer 39,87m!!!&nbsp;<div>(13cm bis zur DM Norm)<br><br>Lasse Gundlach M Hammer 52,08m!<div><br><\/div><div>Carmen Krug W50 Hammer 41,33m <span style=\"letter-spacing: -0.05em\"><\/span><\/div><\/div><\/h2>\t\t\t\t<\/div>\n\t\t\t\t<\/div>\n\t\t\t\t\t<\/div>\n\t\t<\/div>\n\t\t\t\t\t<\/div>\n\t\t<\/section>\n\t\t\t\t<section class=\"elementor-section elementor-top-section elementor-element elementor-element-3bd73d1 elementor-section-boxed elementor-section-height-default elementor-section-height-default\" data-id=\"3bd73d1\" data-element_type=\"section\" data-e-type=\"section\">\n\t\t\t\t\t\t<div class=\"elementor-container elementor-column-gap-default\">\n\t\t\t\t\t<div class=\"elementor-column elementor-col-100 elementor-top-column elementor-element elementor-element-12afb97\" data-id=\"12afb97\" data-element_type=\"column\" data-e-type=\"column\">\n\t\t\t<div class=\"elementor-widget-wrap elementor-element-populated\">\n\t\t\t\t\t\t<div class=\"elementor-element elementor-element-6cce371 elementor-widget-divider--view-line elementor-widget elementor-widget-divider\" data-id=\"6cce371\" data-element_type=\"widget\" data-e-type=\"widget\" data-widget_type=\"divider.default\">\n\t\t\t\t<div class=\"elementor-widget-container\">\n\t\t\t\t\t\t\t<div class=\"elementor-divider\">\n\t\t\t<span class=\"elementor-divider-separator\">\n\t\t\t\t\t\t<\/span>\n\t\t<\/div>\n\t\t\t\t\t\t<\/div>\n\t\t\t\t<\/div>\n\t\t\t\t\t<\/div>\n\t\t<\/div>\n\t\t\t\t\t<\/div>\n\t\t<\/section>\n\t\t\t\t<section class=\"elementor-section elementor-top-section elementor-element elementor-element-976c9e5 elementor-section-boxed elementor-section-height-default elementor-section-height-default\" data-id=\"976c9e5\" data-element_type=\"section\" data-e-type=\"section\">\n\t\t\t\t\t\t<div class=\"elementor-container elementor-column-gap-default\">\n\t\t\t\t\t<div class=\"elementor-column elementor-col-100 elementor-top-column elementor-element elementor-element-62ccf12\" data-id=\"62ccf12\" data-element_type=\"column\" data-e-type=\"column\">\n\t\t\t<div class=\"elementor-widget-wrap elementor-element-populated\">\n\t\t\t\t\t\t<div class=\"elementor-element elementor-element-5988427 elementor-arrows-position-inside elementor-pagination-position-outside elementor-widget elementor-widget-image-carousel\" data-id=\"5988427\" data-element_type=\"widget\" data-e-type=\"widget\" data-settings=\"{&quot;slides_to_show&quot;:&quot;1&quot;,&quot;navigation&quot;:&quot;both&quot;,&quot;autoplay&quot;:&quot;yes&quot;,&quot;pause_on_hover&quot;:&quot;yes&quot;,&quot;pause_on_interaction&quot;:&quot;yes&quot;,&quot;autoplay_speed&quot;:5000,&quot;infinite&quot;:&quot;yes&quot;,&quot;effect&quot;:&quot;slide&quot;,&quot;speed&quot;:500}\" data-widget_type=\"image-carousel.default\">\n\t\t\t\t<div class=\"elementor-widget-container\">\n\t\t\t\t\t\t\t<div class=\"elementor-image-carousel-wrapper swiper\" role=\"region\" aria-roledescription=\"carousel\" aria-label=\"Bild Karussell\" dir=\"ltr\">\n\t\t\t<div class=\"elementor-image-carousel swiper-wrapper\" aria-live=\"off\">\n\t\t\t\t\t\t\t\t<div class=\"swiper-slide\" role=\"group\" aria-roledescription=\"slide\" aria-label=\"1 von 10\"><figure class=\"swiper-slide-inner\"><img decoding=\"async\" class=\"swiper-slide-image\" src=\"https:\/\/sscvellmar.de\/wp\/wp-content\/uploads\/elementor\/thumbs\/IMG_7745-scaled-q5sdotxiqyps22161wg36loo567zv2fs7aq29yplog.jpg\" alt=\"IMG_7745\" \/><\/figure><\/div><div class=\"swiper-slide\" role=\"group\" aria-roledescription=\"slide\" aria-label=\"2 von 10\"><figure class=\"swiper-slide-inner\"><img decoding=\"async\" class=\"swiper-slide-image\" src=\"https:\/\/sscvellmar.de\/wp\/wp-content\/uploads\/elementor\/thumbs\/IMG_7757-scaled-q5sdpjb5vhoirj0axpf0jxa46kqwmw8jasc68fnz0g.jpg\" alt=\"IMG_7757\" \/><\/figure><\/div><div class=\"swiper-slide\" role=\"group\" aria-roledescription=\"slide\" aria-label=\"3 von 10\"><figure class=\"swiper-slide-inner\"><img decoding=\"async\" class=\"swiper-slide-image\" src=\"https:\/\/sscvellmar.de\/wp\/wp-content\/uploads\/elementor\/thumbs\/IMG_7767-scaled-q5sdpvj2cc58ygijycp5yc73wl2oeyl1ogthh15urk.jpg\" alt=\"IMG_7767\" \/><\/figure><\/div><div class=\"swiper-slide\" role=\"group\" aria-roledescription=\"slide\" aria-label=\"4 von 10\"><figure class=\"swiper-slide-inner\"><img decoding=\"async\" class=\"swiper-slide-image\" src=\"https:\/\/sscvellmar.de\/wp\/wp-content\/uploads\/elementor\/thumbs\/IMG_7826-scaled-q5sdqbibkir4ftvcd1ltmq5y04vx1tchenwqmqi5ts.jpg\" alt=\"IMG_7826\" \/><\/figure><\/div><div class=\"swiper-slide\" role=\"group\" aria-roledescription=\"slide\" aria-label=\"5 von 10\"><figure class=\"swiper-slide-inner\"><img decoding=\"async\" class=\"swiper-slide-image\" src=\"https:\/\/sscvellmar.de\/wp\/wp-content\/uploads\/elementor\/thumbs\/IMG_7847-scaled-q5sdqqjqlvbpll9hx83uqmdbiatsgz06sqcib5vv28.jpg\" alt=\"IMG_7847\" \/><\/figure><\/div><div class=\"swiper-slide\" role=\"group\" aria-roledescription=\"slide\" aria-label=\"6 von 10\"><figure class=\"swiper-slide-inner\"><img decoding=\"async\" class=\"swiper-slide-image\" src=\"https:\/\/sscvellmar.de\/wp\/wp-content\/uploads\/elementor\/thumbs\/IMG_7950-scaled-e1712859119560-qmkcdd15sq0mxhjsh2mlarjuydhr827h5f7rp3gdmo.jpg\" alt=\"IMG_7950\" \/><\/figure><\/div><div class=\"swiper-slide\" role=\"group\" aria-roledescription=\"slide\" aria-label=\"7 von 10\"><figure class=\"swiper-slide-inner\"><img decoding=\"async\" class=\"swiper-slide-image\" src=\"https:\/\/sscvellmar.de\/wp\/wp-content\/uploads\/elementor\/thumbs\/IMG_7972-scaled-q5sds0ltwr2rehelga0kmsqwm6iry531b2batpzklc.jpg\" alt=\"IMG_7972\" \/><\/figure><\/div><div class=\"swiper-slide\" role=\"group\" aria-roledescription=\"slide\" aria-label=\"8 von 10\"><figure class=\"swiper-slide-inner\"><img decoding=\"async\" class=\"swiper-slide-image\" src=\"https:\/\/sscvellmar.de\/wp\/wp-content\/uploads\/elementor\/thumbs\/IMG_8021-scaled-q5sdsfn8y3nck8sr0gilqoya4cgndaqqp4r2i5d9ts.jpg\" alt=\"IMG_8021\" \/><\/figure><\/div><div class=\"swiper-slide\" role=\"group\" aria-roledescription=\"slide\" aria-label=\"9 von 10\"><figure class=\"swiper-slide-inner\"><img decoding=\"async\" class=\"swiper-slide-image\" src=\"https:\/\/sscvellmar.de\/wp\/wp-content\/uploads\/elementor\/thumbs\/IMG_8061-scaled-e1682883428923-q5sfmzluusr8ma4hdq6msec8bif9dryjijnqsgor9c.jpg\" alt=\"IMG_8061\" \/><\/figure><\/div><div class=\"swiper-slide\" role=\"group\" aria-roledescription=\"slide\" aria-label=\"10 von 10\"><figure class=\"swiper-slide-inner\"><img decoding=\"async\" class=\"swiper-slide-image\" src=\"https:\/\/sscvellmar.de\/wp\/wp-content\/uploads\/elementor\/thumbs\/IMG_8075-scaled-q5sdtdhfs4xo67fliv568gevi7tv2eh2ts8js3z3ls.jpg\" alt=\"IMG_8075\" \/><\/figure><\/div>\t\t\t<\/div>\n\t\t\t\t\t\t\t\t\t\t\t\t<div class=\"elementor-swiper-button elementor-swiper-button-prev\" role=\"button\" tabindex=\"0\">\n\t\t\t\t\t\t<i aria-hidden=\"true\" class=\"eicon-chevron-left\"><\/i>\t\t\t\t\t<\/div>\n\t\t\t\t\t<div class=\"elementor-swiper-button elementor-swiper-button-next\" role=\"button\" tabindex=\"0\">\n\t\t\t\t\t\t<i aria-hidden=\"true\" class=\"eicon-chevron-right\"><\/i>\t\t\t\t\t<\/div>\n\t\t\t\t\n\t\t\t\t\t\t\t\t\t<div class=\"swiper-pagination\"><\/div>\n\t\t\t\t\t\t\t\t\t<\/div>\n\t\t\t\t\t\t<\/div>\n\t\t\t\t<\/div>\n\t\t\t\t\t<\/div>\n\t\t<\/div>\n\t\t\t\t\t<\/div>\n\t\t<\/section>\n\t\t\t\t<section class=\"elementor-section elementor-top-section elementor-element elementor-element-a5537d1 elementor-section-boxed elementor-section-height-default elementor-section-height-default\" data-id=\"a5537d1\" data-element_type=\"section\" data-e-type=\"section\">\n\t\t\t\t\t\t<div class=\"elementor-container elementor-column-gap-default\">\n\t\t\t\t\t<div class=\"elementor-column elementor-col-100 elementor-top-column elementor-element elementor-element-b451f53\" data-id=\"b451f53\" data-element_type=\"column\" data-e-type=\"column\">\n\t\t\t<div class=\"elementor-widget-wrap elementor-element-populated\">\n\t\t\t\t\t\t<div class=\"elementor-element elementor-element-ae3adca elementor-widget-divider--view-line elementor-widget elementor-widget-divider\" data-id=\"ae3adca\" data-element_type=\"widget\" data-e-type=\"widget\" data-widget_type=\"divider.default\">\n\t\t\t\t<div class=\"elementor-widget-container\">\n\t\t\t\t\t\t\t<div class=\"elementor-divider\">\n\t\t\t<span class=\"elementor-divider-separator\">\n\t\t\t\t\t\t<\/span>\n\t\t<\/div>\n\t\t\t\t\t\t<\/div>\n\t\t\t\t<\/div>\n\t\t\t\t\t<\/div>\n\t\t<\/div>\n\t\t\t\t\t<\/div>\n\t\t<\/section>\n\t\t\t\t<section class=\"elementor-section elementor-top-section elementor-element elementor-element-a150761 elementor-section-boxed elementor-section-height-default elementor-section-height-default\" data-id=\"a150761\" data-element_type=\"section\" data-e-type=\"section\">\n\t\t\t\t\t\t<div class=\"elementor-container elementor-column-gap-default\">\n\t\t\t\t\t<div class=\"elementor-column elementor-col-100 elementor-top-column elementor-element elementor-element-61e18d7\" data-id=\"61e18d7\" data-element_type=\"column\" data-e-type=\"column\">\n\t\t\t<div class=\"elementor-widget-wrap elementor-element-populated\">\n\t\t\t\t\t\t<div class=\"elementor-element elementor-element-6fcfbbf elementor-widget elementor-widget-spacer\" data-id=\"6fcfbbf\" data-element_type=\"widget\" data-e-type=\"widget\" data-widget_type=\"spacer.default\">\n\t\t\t\t<div class=\"elementor-widget-container\">\n\t\t\t\t\t\t\t<div class=\"elementor-spacer\">\n\t\t\t<div class=\"elementor-spacer-inner\"><\/div>\n\t\t<\/div>\n\t\t\t\t\t\t<\/div>\n\t\t\t\t<\/div>\n\t\t\t\t\t<\/div>\n\t\t<\/div>\n\t\t\t\t\t<\/div>\n\t\t<\/section>\n\t\t\t\t<section class=\"elementor-section elementor-top-section elementor-element elementor-element-a0397a3 elementor-section-boxed elementor-section-height-default elementor-section-height-default\" data-id=\"a0397a3\" data-element_type=\"section\" data-e-type=\"section\">\n\t\t\t\t\t\t<div class=\"elementor-container elementor-column-gap-default\">\n\t\t\t\t\t<div class=\"elementor-column elementor-col-100 elementor-top-column elementor-element elementor-element-852afcd\" data-id=\"852afcd\" data-element_type=\"column\" data-e-type=\"column\">\n\t\t\t<div class=\"elementor-widget-wrap elementor-element-populated\">\n\t\t\t\t\t\t<div class=\"elementor-element elementor-element-4dedc66 elementor-widget elementor-widget-text-editor\" data-id=\"4dedc66\" data-element_type=\"widget\" data-e-type=\"widget\" data-widget_type=\"text-editor.default\">\n\t\t\t\t<div class=\"elementor-widget-container\">\n\t\t\t\t\t\t\t\t\t<div dir=\"auto\"><strong>Maja Trittel W15 in toller Form<\/strong><\/div><div dir=\"auto\">Speer fliegt 39,87m weit &#8211; 2 Vereinsrekorde<\/div><div dir=\"auto\">Eine Woche vor dem Werfertag in G\u00f6ttingen musste Maja krankheitsbedingt die Nordhessischen Wurfmeisterschaften absagen, doch in G\u00f6ttingen setzte sie ein sportliches Ausrufezeichen. Bei nicht optimalen Bedingungen verbesserte die hessische<\/div><div dir=\"auto\">Winterwurfmeisterin dieses Jahres ihre Bestleistung um 3,26m auf phantastischer 39,87m. Damit ist sie zum jetzigen Zeitpunkt drittbeste Deutsche, 40cm hinter der F\u00fchrenden. Mit diesem Wurf verbesserte Maja den Vereinsrekord mit dem 500g-Speerwurf. Den bisherigen Rekord stellte Sandra Magdanz vor 32Jahren mit 36,78m auf, allerdings mit dem 600g Speer. Damals war man in der Klasse W15 bereits B-Jugendliche, und es gab noch keine 500g Speere (die erst ab 2000).<\/div><div dir=\"auto\">Auch beim Diskuswurf flutschte es mit einer Steigerung auf 31,02m. Damit verbesserte Maja ihren eigenen Vereinsrekord knapp. Sieg Nr. 3 beim Kugelsto\u00dfen mit 9,77m. Nach zweimaligem Training ein zweiter Wettkampfversuch im Hammerwurf, 23,50m sind nat\u00fcrlich noch sehr ausbauf\u00e4hig &#8211; zudem fehlte nach mehreren Stunden Kraft und Konzentration.<\/div><div dir=\"auto\">Maja ist auf einem gutem Weg.<\/div>\t\t\t\t\t\t\t\t<\/div>\n\t\t\t\t<\/div>\n\t\t\t\t\t<\/div>\n\t\t<\/div>\n\t\t\t\t\t<\/div>\n\t\t<\/section>\n\t\t\t\t<section class=\"elementor-section elementor-top-section elementor-element elementor-element-2cafb60 elementor-section-boxed elementor-section-height-default elementor-section-height-default\" data-id=\"2cafb60\" data-element_type=\"section\" data-e-type=\"section\">\n\t\t\t\t\t\t<div class=\"elementor-container elementor-column-gap-default\">\n\t\t\t\t\t<div class=\"elementor-column elementor-col-100 elementor-top-column elementor-element elementor-element-12f3b18\" data-id=\"12f3b18\" data-element_type=\"column\" data-e-type=\"column\">\n\t\t\t<div class=\"elementor-widget-wrap elementor-element-populated\">\n\t\t\t\t\t\t<div class=\"elementor-element elementor-element-f28969b elementor-widget elementor-widget-image\" data-id=\"f28969b\" data-element_type=\"widget\" data-e-type=\"widget\" data-widget_type=\"image.default\">\n\t\t\t\t<div class=\"elementor-widget-container\">\n\t\t\t\t\t\t\t\t\t\t\t\t\t\t\t<img fetchpriority=\"high\" decoding=\"async\" width=\"640\" height=\"641\" src=\"https:\/\/sscvellmar.de\/wp\/wp-content\/uploads\/2023\/04\/Bildschirmfoto-2023-05-09-um-23.21.13-1022x1024.jpg\" class=\"attachment-large size-large wp-image-6039\" alt=\"\" srcset=\"https:\/\/sscvellmar.de\/wp\/wp-content\/uploads\/2023\/04\/Bildschirmfoto-2023-05-09-um-23.21.13-1022x1024.jpg 1022w, https:\/\/sscvellmar.de\/wp\/wp-content\/uploads\/2023\/04\/Bildschirmfoto-2023-05-09-um-23.21.13-300x300.jpg 300w, https:\/\/sscvellmar.de\/wp\/wp-content\/uploads\/2023\/04\/Bildschirmfoto-2023-05-09-um-23.21.13-150x150.jpg 150w, https:\/\/sscvellmar.de\/wp\/wp-content\/uploads\/2023\/04\/Bildschirmfoto-2023-05-09-um-23.21.13-768x769.jpg 768w, https:\/\/sscvellmar.de\/wp\/wp-content\/uploads\/2023\/04\/Bildschirmfoto-2023-05-09-um-23.21.13.jpg 1344w\" sizes=\"(max-width: 640px) 100vw, 640px\" \/>\t\t\t\t\t\t\t\t\t\t\t\t\t\t\t<\/div>\n\t\t\t\t<\/div>\n\t\t\t\t\t<\/div>\n\t\t<\/div>\n\t\t\t\t\t<\/div>\n\t\t<\/section>\n\t\t\t\t<section class=\"elementor-section elementor-top-section elementor-element elementor-element-74c8904 elementor-section-boxed elementor-section-height-default elementor-section-height-default\" data-id=\"74c8904\" data-element_type=\"section\" data-e-type=\"section\">\n\t\t\t\t\t\t<div class=\"elementor-container elementor-column-gap-default\">\n\t\t\t\t\t<div class=\"elementor-column elementor-col-100 elementor-top-column elementor-element elementor-element-32a2570\" data-id=\"32a2570\" data-element_type=\"column\" data-e-type=\"column\">\n\t\t\t<div class=\"elementor-widget-wrap elementor-element-populated\">\n\t\t\t\t\t\t<div class=\"elementor-element elementor-element-f2b5364 elementor-widget elementor-widget-spacer\" data-id=\"f2b5364\" data-element_type=\"widget\" data-e-type=\"widget\" data-widget_type=\"spacer.default\">\n\t\t\t\t<div class=\"elementor-widget-container\">\n\t\t\t\t\t\t\t<div class=\"elementor-spacer\">\n\t\t\t<div class=\"elementor-spacer-inner\"><\/div>\n\t\t<\/div>\n\t\t\t\t\t\t<\/div>\n\t\t\t\t<\/div>\n\t\t\t\t\t<\/div>\n\t\t<\/div>\n\t\t\t\t\t<\/div>\n\t\t<\/section>\n\t\t\t\t<section class=\"elementor-section elementor-top-section elementor-element elementor-element-80ccaf9 elementor-section-boxed elementor-section-height-default elementor-section-height-default\" data-id=\"80ccaf9\" data-element_type=\"section\" data-e-type=\"section\">\n\t\t\t\t\t\t<div class=\"elementor-container elementor-column-gap-default\">\n\t\t\t\t\t<div class=\"elementor-column elementor-col-100 elementor-top-column elementor-element elementor-element-06783bf\" data-id=\"06783bf\" data-element_type=\"column\" data-e-type=\"column\">\n\t\t\t<div class=\"elementor-widget-wrap elementor-element-populated\">\n\t\t\t\t\t\t<div class=\"elementor-element elementor-element-cafbe22 elementor-widget elementor-widget-text-editor\" data-id=\"cafbe22\" data-element_type=\"widget\" data-e-type=\"widget\" data-widget_type=\"text-editor.default\">\n\t\t\t\t<div class=\"elementor-widget-container\">\n\t\t\t\t\t\t\t\t\t<div dir=\"auto\"><strong>Carmen Krug W50<\/strong><\/div><div dir=\"auto\">pr\u00e4sentierte sich in G\u00f6ttingen in prima Verfassung und siegte in drei Disziplinen mit starken Leistungen. Der Hammer flog 41,33m weit, der Diskus 30,21m und die Kugel 10,82m. In der Deutschen Bestenliste liegt sie zur Zeit damit auf den Pl\u00e4tzen 3 -3 &#8211; 5. Tolle Ergebnisse der unverw\u00fcstlichen SSC-Seniorin<\/div>\t\t\t\t\t\t\t\t<\/div>\n\t\t\t\t<\/div>\n\t\t\t\t\t<\/div>\n\t\t<\/div>\n\t\t\t\t\t<\/div>\n\t\t<\/section>\n\t\t\t\t<section class=\"elementor-section elementor-top-section elementor-element elementor-element-fa182cf elementor-section-boxed elementor-section-height-default elementor-section-height-default\" data-id=\"fa182cf\" data-element_type=\"section\" data-e-type=\"section\">\n\t\t\t\t\t\t<div class=\"elementor-container elementor-column-gap-default\">\n\t\t\t\t\t<div class=\"elementor-column elementor-col-100 elementor-top-column elementor-element elementor-element-7691efc\" data-id=\"7691efc\" data-element_type=\"column\" data-e-type=\"column\">\n\t\t\t<div class=\"elementor-widget-wrap elementor-element-populated\">\n\t\t\t\t\t\t<div class=\"elementor-element elementor-element-2edcddf elementor-widget elementor-widget-image\" data-id=\"2edcddf\" data-element_type=\"widget\" data-e-type=\"widget\" data-widget_type=\"image.default\">\n\t\t\t\t<div class=\"elementor-widget-container\">\n\t\t\t\t\t\t\t\t\t\t\t\t\t\t\t<img decoding=\"async\" width=\"640\" height=\"641\" src=\"https:\/\/sscvellmar.de\/wp\/wp-content\/uploads\/2023\/04\/Bildschirmfoto-2023-05-09-um-23.19.29-1022x1024.jpg\" class=\"attachment-large size-large wp-image-6031\" alt=\"\" srcset=\"https:\/\/sscvellmar.de\/wp\/wp-content\/uploads\/2023\/04\/Bildschirmfoto-2023-05-09-um-23.19.29-1022x1024.jpg 1022w, https:\/\/sscvellmar.de\/wp\/wp-content\/uploads\/2023\/04\/Bildschirmfoto-2023-05-09-um-23.19.29-300x300.jpg 300w, https:\/\/sscvellmar.de\/wp\/wp-content\/uploads\/2023\/04\/Bildschirmfoto-2023-05-09-um-23.19.29-150x150.jpg 150w, https:\/\/sscvellmar.de\/wp\/wp-content\/uploads\/2023\/04\/Bildschirmfoto-2023-05-09-um-23.19.29-768x769.jpg 768w, https:\/\/sscvellmar.de\/wp\/wp-content\/uploads\/2023\/04\/Bildschirmfoto-2023-05-09-um-23.19.29.jpg 1336w\" sizes=\"(max-width: 640px) 100vw, 640px\" \/>\t\t\t\t\t\t\t\t\t\t\t\t\t\t\t<\/div>\n\t\t\t\t<\/div>\n\t\t\t\t\t<\/div>\n\t\t<\/div>\n\t\t\t\t\t<\/div>\n\t\t<\/section>\n\t\t\t\t<section class=\"elementor-section elementor-top-section elementor-element elementor-element-29e1b4a elementor-section-boxed elementor-section-height-default elementor-section-height-default\" data-id=\"29e1b4a\" data-element_type=\"section\" data-e-type=\"section\">\n\t\t\t\t\t\t<div class=\"elementor-container elementor-column-gap-default\">\n\t\t\t\t\t<div class=\"elementor-column elementor-col-100 elementor-top-column elementor-element elementor-element-32ff664\" data-id=\"32ff664\" data-element_type=\"column\" data-e-type=\"column\">\n\t\t\t<div class=\"elementor-widget-wrap elementor-element-populated\">\n\t\t\t\t\t\t<div class=\"elementor-element elementor-element-9e93ee2 elementor-widget elementor-widget-spacer\" data-id=\"9e93ee2\" data-element_type=\"widget\" data-e-type=\"widget\" data-widget_type=\"spacer.default\">\n\t\t\t\t<div class=\"elementor-widget-container\">\n\t\t\t\t\t\t\t<div class=\"elementor-spacer\">\n\t\t\t<div class=\"elementor-spacer-inner\"><\/div>\n\t\t<\/div>\n\t\t\t\t\t\t<\/div>\n\t\t\t\t<\/div>\n\t\t\t\t\t<\/div>\n\t\t<\/div>\n\t\t\t\t\t<\/div>\n\t\t<\/section>\n\t\t\t\t<section class=\"elementor-section elementor-top-section elementor-element elementor-element-78098ac elementor-section-boxed elementor-section-height-default elementor-section-height-default\" data-id=\"78098ac\" data-element_type=\"section\" data-e-type=\"section\">\n\t\t\t\t\t\t<div class=\"elementor-container elementor-column-gap-default\">\n\t\t\t\t\t<div class=\"elementor-column elementor-col-100 elementor-top-column elementor-element elementor-element-7a40da5\" data-id=\"7a40da5\" data-element_type=\"column\" data-e-type=\"column\">\n\t\t\t<div class=\"elementor-widget-wrap elementor-element-populated\">\n\t\t\t\t\t\t<div class=\"elementor-element elementor-element-b128ba5 elementor-widget elementor-widget-text-editor\" data-id=\"b128ba5\" data-element_type=\"widget\" data-e-type=\"widget\" data-widget_type=\"text-editor.default\">\n\t\t\t\t<div class=\"elementor-widget-container\">\n\t\t\t\t\t\t\t\t\t<div dir=\"auto\"><strong>Karin Reitemeier W55<\/strong><\/div><div dir=\"auto\">ist wie Carmen in der DLV-Spitze integriert. Im Speerwurf und im Hammerwurf f\u00fchrt sie die deutsche Bestenliste an. Mit 26,98 m beim Speerwurf und 37,58m mit dem Hammer war Karin nicht so recht zufrieden, obwohl bisher keine Deutsche weiter geworfen hat. Auch im Diskuswurf siegte Karin mit 23,50m, obwohl sie in diesem Jahr bereits \u00fcber einen Meter weiter geworfen hat.<\/div><div dir=\"auto\">Karin ist unverw\u00fcstlich<\/div>\t\t\t\t\t\t\t\t<\/div>\n\t\t\t\t<\/div>\n\t\t\t\t\t<\/div>\n\t\t<\/div>\n\t\t\t\t\t<\/div>\n\t\t<\/section>\n\t\t\t\t<section class=\"elementor-section elementor-top-section elementor-element elementor-element-2f0aeca elementor-section-boxed elementor-section-height-default elementor-section-height-default\" data-id=\"2f0aeca\" data-element_type=\"section\" data-e-type=\"section\">\n\t\t\t\t\t\t<div class=\"elementor-container elementor-column-gap-default\">\n\t\t\t\t\t<div class=\"elementor-column elementor-col-100 elementor-top-column elementor-element elementor-element-d581ae9\" data-id=\"d581ae9\" data-element_type=\"column\" data-e-type=\"column\">\n\t\t\t<div class=\"elementor-widget-wrap elementor-element-populated\">\n\t\t\t\t\t\t<div class=\"elementor-element elementor-element-14a3f27 elementor-widget elementor-widget-image\" data-id=\"14a3f27\" data-element_type=\"widget\" data-e-type=\"widget\" data-widget_type=\"image.default\">\n\t\t\t\t<div class=\"elementor-widget-container\">\n\t\t\t\t\t\t\t\t\t\t\t\t\t\t\t<img decoding=\"async\" width=\"640\" height=\"638\" src=\"https:\/\/sscvellmar.de\/wp\/wp-content\/uploads\/2023\/04\/Bildschirmfoto-2023-05-09-um-23.11.21-1024x1021.jpg\" class=\"attachment-large size-large wp-image-6026\" alt=\"\" srcset=\"https:\/\/sscvellmar.de\/wp\/wp-content\/uploads\/2023\/04\/Bildschirmfoto-2023-05-09-um-23.11.21-1024x1021.jpg 1024w, https:\/\/sscvellmar.de\/wp\/wp-content\/uploads\/2023\/04\/Bildschirmfoto-2023-05-09-um-23.11.21-300x300.jpg 300w, https:\/\/sscvellmar.de\/wp\/wp-content\/uploads\/2023\/04\/Bildschirmfoto-2023-05-09-um-23.11.21-150x150.jpg 150w, https:\/\/sscvellmar.de\/wp\/wp-content\/uploads\/2023\/04\/Bildschirmfoto-2023-05-09-um-23.11.21-768x766.jpg 768w, https:\/\/sscvellmar.de\/wp\/wp-content\/uploads\/2023\/04\/Bildschirmfoto-2023-05-09-um-23.11.21.jpg 1338w\" sizes=\"(max-width: 640px) 100vw, 640px\" \/>\t\t\t\t\t\t\t\t\t\t\t\t\t\t\t<\/div>\n\t\t\t\t<\/div>\n\t\t\t\t\t<\/div>\n\t\t<\/div>\n\t\t\t\t\t<\/div>\n\t\t<\/section>\n\t\t\t\t<section class=\"elementor-section elementor-top-section elementor-element elementor-element-c34ad66 elementor-section-boxed elementor-section-height-default elementor-section-height-default\" data-id=\"c34ad66\" data-element_type=\"section\" data-e-type=\"section\">\n\t\t\t\t\t\t<div class=\"elementor-container elementor-column-gap-default\">\n\t\t\t\t\t<div class=\"elementor-column elementor-col-100 elementor-top-column elementor-element elementor-element-4ffe454\" data-id=\"4ffe454\" data-element_type=\"column\" data-e-type=\"column\">\n\t\t\t<div class=\"elementor-widget-wrap elementor-element-populated\">\n\t\t\t\t\t\t<div class=\"elementor-element elementor-element-dd62111 elementor-widget elementor-widget-spacer\" data-id=\"dd62111\" data-element_type=\"widget\" data-e-type=\"widget\" data-widget_type=\"spacer.default\">\n\t\t\t\t<div class=\"elementor-widget-container\">\n\t\t\t\t\t\t\t<div class=\"elementor-spacer\">\n\t\t\t<div class=\"elementor-spacer-inner\"><\/div>\n\t\t<\/div>\n\t\t\t\t\t\t<\/div>\n\t\t\t\t<\/div>\n\t\t\t\t\t<\/div>\n\t\t<\/div>\n\t\t\t\t\t<\/div>\n\t\t<\/section>\n\t\t\t\t<section class=\"elementor-section elementor-top-section elementor-element elementor-element-12fa1e4 elementor-section-boxed elementor-section-height-default elementor-section-height-default\" data-id=\"12fa1e4\" data-element_type=\"section\" data-e-type=\"section\">\n\t\t\t\t\t\t<div class=\"elementor-container elementor-column-gap-default\">\n\t\t\t\t\t<div class=\"elementor-column elementor-col-100 elementor-top-column elementor-element elementor-element-f039b22\" data-id=\"f039b22\" data-element_type=\"column\" data-e-type=\"column\">\n\t\t\t<div class=\"elementor-widget-wrap elementor-element-populated\">\n\t\t\t\t\t\t<div class=\"elementor-element elementor-element-f9d400b elementor-widget elementor-widget-text-editor\" data-id=\"f9d400b\" data-element_type=\"widget\" data-e-type=\"widget\" data-widget_type=\"text-editor.default\">\n\t\t\t\t<div class=\"elementor-widget-container\">\n\t\t\t\t\t\t\t\t\t<div dir=\"auto\"><strong>Gerhard Niemeyer M80<\/strong><\/div><div dir=\"auto\">ist noch noch fit wie ein Turnschuh. Nachdem er den Speer 26.16m schleuderte, folgten 25,47 mit dem Diskus, 9,21 mit der Kugel und 26,48m mit dem Hammer. Er wurde Dreifachsieger, nur im Kugelsto\u00dfen musste er sich hauchd\u00fcnn als Zweiter geschlagen geben. Mit 25,96 (Diskus) ist Gerhard auf Platz 3 der deutschen Bestenliste zu finden, im Hammer- und Speerwurf unter den Top ten.<\/div><div dir=\"auto\">Vor unseren Senior\u201cinnen muss man den Hut ziehen.<\/div>\t\t\t\t\t\t\t\t<\/div>\n\t\t\t\t<\/div>\n\t\t\t\t\t<\/div>\n\t\t<\/div>\n\t\t\t\t\t<\/div>\n\t\t<\/section>\n\t\t\t\t<section class=\"elementor-section elementor-top-section elementor-element elementor-element-a10c35d elementor-section-boxed elementor-section-height-default elementor-section-height-default\" data-id=\"a10c35d\" data-element_type=\"section\" data-e-type=\"section\">\n\t\t\t\t\t\t<div class=\"elementor-container elementor-column-gap-default\">\n\t\t\t\t\t<div class=\"elementor-column elementor-col-100 elementor-top-column elementor-element elementor-element-e90abdc\" data-id=\"e90abdc\" data-element_type=\"column\" data-e-type=\"column\">\n\t\t\t<div class=\"elementor-widget-wrap elementor-element-populated\">\n\t\t\t\t\t\t<div class=\"elementor-element elementor-element-733c6a9 elementor-widget elementor-widget-image\" data-id=\"733c6a9\" data-element_type=\"widget\" data-e-type=\"widget\" data-widget_type=\"image.default\">\n\t\t\t\t<div class=\"elementor-widget-container\">\n\t\t\t\t\t\t\t\t\t\t\t\t\t\t\t<img loading=\"lazy\" decoding=\"async\" width=\"640\" height=\"643\" src=\"https:\/\/sscvellmar.de\/wp\/wp-content\/uploads\/2023\/04\/Bildschirmfoto-2023-05-09-um-23.09.53-1019x1024.jpg\" class=\"attachment-large size-large wp-image-6022\" alt=\"\" srcset=\"https:\/\/sscvellmar.de\/wp\/wp-content\/uploads\/2023\/04\/Bildschirmfoto-2023-05-09-um-23.09.53-1019x1024.jpg 1019w, https:\/\/sscvellmar.de\/wp\/wp-content\/uploads\/2023\/04\/Bildschirmfoto-2023-05-09-um-23.09.53-300x300.jpg 300w, https:\/\/sscvellmar.de\/wp\/wp-content\/uploads\/2023\/04\/Bildschirmfoto-2023-05-09-um-23.09.53-150x150.jpg 150w, https:\/\/sscvellmar.de\/wp\/wp-content\/uploads\/2023\/04\/Bildschirmfoto-2023-05-09-um-23.09.53-768x771.jpg 768w, https:\/\/sscvellmar.de\/wp\/wp-content\/uploads\/2023\/04\/Bildschirmfoto-2023-05-09-um-23.09.53.jpg 1342w\" sizes=\"(max-width: 640px) 100vw, 640px\" \/>\t\t\t\t\t\t\t\t\t\t\t\t\t\t\t<\/div>\n\t\t\t\t<\/div>\n\t\t\t\t\t<\/div>\n\t\t<\/div>\n\t\t\t\t\t<\/div>\n\t\t<\/section>\n\t\t\t\t<section class=\"elementor-section elementor-top-section elementor-element elementor-element-26ecb1f elementor-section-boxed elementor-section-height-default elementor-section-height-default\" data-id=\"26ecb1f\" data-element_type=\"section\" data-e-type=\"section\">\n\t\t\t\t\t\t<div class=\"elementor-container elementor-column-gap-default\">\n\t\t\t\t\t<div class=\"elementor-column elementor-col-100 elementor-top-column elementor-element elementor-element-1f173ac\" data-id=\"1f173ac\" data-element_type=\"column\" data-e-type=\"column\">\n\t\t\t<div class=\"elementor-widget-wrap elementor-element-populated\">\n\t\t\t\t\t\t<div class=\"elementor-element elementor-element-31ebbfa elementor-widget elementor-widget-spacer\" data-id=\"31ebbfa\" data-element_type=\"widget\" data-e-type=\"widget\" data-widget_type=\"spacer.default\">\n\t\t\t\t<div class=\"elementor-widget-container\">\n\t\t\t\t\t\t\t<div class=\"elementor-spacer\">\n\t\t\t<div class=\"elementor-spacer-inner\"><\/div>\n\t\t<\/div>\n\t\t\t\t\t\t<\/div>\n\t\t\t\t<\/div>\n\t\t\t\t\t<\/div>\n\t\t<\/div>\n\t\t\t\t\t<\/div>\n\t\t<\/section>\n\t\t\t\t<section class=\"elementor-section elementor-top-section elementor-element elementor-element-2e8b7de elementor-section-boxed elementor-section-height-default elementor-section-height-default\" data-id=\"2e8b7de\" data-element_type=\"section\" data-e-type=\"section\">\n\t\t\t\t\t\t<div class=\"elementor-container elementor-column-gap-default\">\n\t\t\t\t\t<div class=\"elementor-column elementor-col-100 elementor-top-column elementor-element elementor-element-4ae89c4\" data-id=\"4ae89c4\" data-element_type=\"column\" data-e-type=\"column\">\n\t\t\t<div class=\"elementor-widget-wrap elementor-element-populated\">\n\t\t\t\t\t\t<div class=\"elementor-element elementor-element-e1c2f9d elementor-widget elementor-widget-text-editor\" data-id=\"e1c2f9d\" data-element_type=\"widget\" data-e-type=\"widget\" data-widget_type=\"text-editor.default\">\n\t\t\t\t<div class=\"elementor-widget-container\">\n\t\t\t\t\t\t\t\t\t<div dir=\"auto\"><strong>Merle Utermarck U20<\/strong><\/div><div dir=\"auto\">ist als aktive Leichtathletin auch Trainerin unserer Kids.<\/div><div dir=\"auto\">Beim Speerwurf klappte es zuerst \u00fcberhaupt nicht.Der Anlauf machte Schwierigkeiten und sie traf den Speer nicht. Dann doch noch 30,16m, mit denen sie als Siegerin doch noch zufrieden war &#8211; obwohl sie weiter werfen kann. 9,13m mit der Kugel reichten ebenso zum Tagessieg. Auf diese Ergebnisse kann Merle aufbauen.<\/div>\t\t\t\t\t\t\t\t<\/div>\n\t\t\t\t<\/div>\n\t\t\t\t\t<\/div>\n\t\t<\/div>\n\t\t\t\t\t<\/div>\n\t\t<\/section>\n\t\t\t\t<section class=\"elementor-section elementor-top-section elementor-element elementor-element-857d3b1 elementor-section-boxed elementor-section-height-default elementor-section-height-default\" data-id=\"857d3b1\" data-element_type=\"section\" data-e-type=\"section\">\n\t\t\t\t\t\t<div class=\"elementor-container elementor-column-gap-default\">\n\t\t\t\t\t<div class=\"elementor-column elementor-col-100 elementor-top-column elementor-element elementor-element-a6d6e98\" data-id=\"a6d6e98\" data-element_type=\"column\" data-e-type=\"column\">\n\t\t\t<div class=\"elementor-widget-wrap elementor-element-populated\">\n\t\t\t\t\t\t<div class=\"elementor-element elementor-element-ceb089c elementor-widget elementor-widget-image\" data-id=\"ceb089c\" data-element_type=\"widget\" data-e-type=\"widget\" data-widget_type=\"image.default\">\n\t\t\t\t<div class=\"elementor-widget-container\">\n\t\t\t\t\t\t\t\t\t\t\t\t\t\t\t<img loading=\"lazy\" decoding=\"async\" width=\"640\" height=\"641\" src=\"https:\/\/sscvellmar.de\/wp\/wp-content\/uploads\/2023\/04\/Bildschirmfoto-2023-05-09-um-23.07.50-1022x1024.jpg\" class=\"attachment-large size-large wp-image-6015\" alt=\"\" srcset=\"https:\/\/sscvellmar.de\/wp\/wp-content\/uploads\/2023\/04\/Bildschirmfoto-2023-05-09-um-23.07.50-1022x1024.jpg 1022w, https:\/\/sscvellmar.de\/wp\/wp-content\/uploads\/2023\/04\/Bildschirmfoto-2023-05-09-um-23.07.50-300x300.jpg 300w, https:\/\/sscvellmar.de\/wp\/wp-content\/uploads\/2023\/04\/Bildschirmfoto-2023-05-09-um-23.07.50-150x150.jpg 150w, https:\/\/sscvellmar.de\/wp\/wp-content\/uploads\/2023\/04\/Bildschirmfoto-2023-05-09-um-23.07.50-768x769.jpg 768w, https:\/\/sscvellmar.de\/wp\/wp-content\/uploads\/2023\/04\/Bildschirmfoto-2023-05-09-um-23.07.50.jpg 1340w\" sizes=\"(max-width: 640px) 100vw, 640px\" \/>\t\t\t\t\t\t\t\t\t\t\t\t\t\t\t<\/div>\n\t\t\t\t<\/div>\n\t\t\t\t\t<\/div>\n\t\t<\/div>\n\t\t\t\t\t<\/div>\n\t\t<\/section>\n\t\t\t\t<section class=\"elementor-section elementor-top-section elementor-element elementor-element-438c816 elementor-section-boxed elementor-section-height-default elementor-section-height-default\" data-id=\"438c816\" data-element_type=\"section\" data-e-type=\"section\">\n\t\t\t\t\t\t<div class=\"elementor-container elementor-column-gap-default\">\n\t\t\t\t\t<div class=\"elementor-column elementor-col-100 elementor-top-column elementor-element elementor-element-d68a638\" data-id=\"d68a638\" data-element_type=\"column\" data-e-type=\"column\">\n\t\t\t<div class=\"elementor-widget-wrap elementor-element-populated\">\n\t\t\t\t\t\t<div class=\"elementor-element elementor-element-86b9f8d elementor-widget elementor-widget-spacer\" data-id=\"86b9f8d\" data-element_type=\"widget\" data-e-type=\"widget\" data-widget_type=\"spacer.default\">\n\t\t\t\t<div class=\"elementor-widget-container\">\n\t\t\t\t\t\t\t<div class=\"elementor-spacer\">\n\t\t\t<div class=\"elementor-spacer-inner\"><\/div>\n\t\t<\/div>\n\t\t\t\t\t\t<\/div>\n\t\t\t\t<\/div>\n\t\t\t\t\t<\/div>\n\t\t<\/div>\n\t\t\t\t\t<\/div>\n\t\t<\/section>\n\t\t\t\t<section class=\"elementor-section elementor-top-section elementor-element elementor-element-633fa55 elementor-section-boxed elementor-section-height-default elementor-section-height-default\" data-id=\"633fa55\" data-element_type=\"section\" data-e-type=\"section\">\n\t\t\t\t\t\t<div class=\"elementor-container elementor-column-gap-default\">\n\t\t\t\t\t<div class=\"elementor-column elementor-col-100 elementor-top-column elementor-element elementor-element-0b76508\" data-id=\"0b76508\" data-element_type=\"column\" data-e-type=\"column\">\n\t\t\t<div class=\"elementor-widget-wrap elementor-element-populated\">\n\t\t\t\t\t\t<div class=\"elementor-element elementor-element-0bf3c14 elementor-widget elementor-widget-text-editor\" data-id=\"0bf3c14\" data-element_type=\"widget\" data-e-type=\"widget\" data-widget_type=\"text-editor.default\">\n\t\t\t\t<div class=\"elementor-widget-container\">\n\t\t\t\t\t\t\t\t\t<div dir=\"auto\"><strong>Dana Ziegler U18<\/strong><\/div><div dir=\"auto\">konnte mit ihren Leistungen in G\u00f6ttingen zufrieden sein, zumal ihre eigentlichen St\u00e4rken neben der Vielseitigkeit Sprints, H\u00fcrden und Weitsprung sind. Sie stie\u00df die Kugel mit 9,15m in die N\u00e4he ihrer Bestleistung, der Diskus flog 20,12m weit. Pers. Bestleistungen dann mit dem Speer und Hammer mit 25,07m bzw. 19,39m. Das war sehr erfreulich und lag in der Luft. Den Hammerwurf hatte Dana nur einmal trainiert, es war ihr zweiter Wettkampf. Ein gelungener Wettkampftag.<\/div>\t\t\t\t\t\t\t\t<\/div>\n\t\t\t\t<\/div>\n\t\t\t\t\t<\/div>\n\t\t<\/div>\n\t\t\t\t\t<\/div>\n\t\t<\/section>\n\t\t\t\t<section class=\"elementor-section elementor-top-section elementor-element elementor-element-b43c53b elementor-section-boxed elementor-section-height-default elementor-section-height-default\" data-id=\"b43c53b\" data-element_type=\"section\" data-e-type=\"section\">\n\t\t\t\t\t\t<div class=\"elementor-container elementor-column-gap-default\">\n\t\t\t\t\t<div class=\"elementor-column elementor-col-100 elementor-top-column elementor-element elementor-element-b7cb48b\" data-id=\"b7cb48b\" data-element_type=\"column\" data-e-type=\"column\">\n\t\t\t<div class=\"elementor-widget-wrap elementor-element-populated\">\n\t\t\t\t\t\t<div class=\"elementor-element elementor-element-c04c5d3 elementor-widget elementor-widget-image\" data-id=\"c04c5d3\" data-element_type=\"widget\" data-e-type=\"widget\" data-widget_type=\"image.default\">\n\t\t\t\t<div class=\"elementor-widget-container\">\n\t\t\t\t\t\t\t\t\t\t\t\t\t\t\t<img loading=\"lazy\" decoding=\"async\" width=\"640\" height=\"647\" src=\"https:\/\/sscvellmar.de\/wp\/wp-content\/uploads\/2023\/04\/Bildschirmfoto-2023-05-09-um-23.05.29-1013x1024.jpg\" class=\"attachment-large size-large wp-image-6011\" alt=\"\" srcset=\"https:\/\/sscvellmar.de\/wp\/wp-content\/uploads\/2023\/04\/Bildschirmfoto-2023-05-09-um-23.05.29-1013x1024.jpg 1013w, https:\/\/sscvellmar.de\/wp\/wp-content\/uploads\/2023\/04\/Bildschirmfoto-2023-05-09-um-23.05.29-297x300.jpg 297w, https:\/\/sscvellmar.de\/wp\/wp-content\/uploads\/2023\/04\/Bildschirmfoto-2023-05-09-um-23.05.29-768x776.jpg 768w, https:\/\/sscvellmar.de\/wp\/wp-content\/uploads\/2023\/04\/Bildschirmfoto-2023-05-09-um-23.05.29.jpg 1338w\" sizes=\"(max-width: 640px) 100vw, 640px\" \/>\t\t\t\t\t\t\t\t\t\t\t\t\t\t\t<\/div>\n\t\t\t\t<\/div>\n\t\t\t\t\t<\/div>\n\t\t<\/div>\n\t\t\t\t\t<\/div>\n\t\t<\/section>\n\t\t\t\t<section class=\"elementor-section elementor-top-section elementor-element elementor-element-299c8af elementor-section-boxed elementor-section-height-default elementor-section-height-default\" data-id=\"299c8af\" data-element_type=\"section\" data-e-type=\"section\">\n\t\t\t\t\t\t<div class=\"elementor-container elementor-column-gap-default\">\n\t\t\t\t\t<div class=\"elementor-column elementor-col-100 elementor-top-column elementor-element elementor-element-6ea3da4\" data-id=\"6ea3da4\" data-element_type=\"column\" data-e-type=\"column\">\n\t\t\t<div class=\"elementor-widget-wrap elementor-element-populated\">\n\t\t\t\t\t\t<div class=\"elementor-element elementor-element-7162451 elementor-widget elementor-widget-spacer\" data-id=\"7162451\" data-element_type=\"widget\" data-e-type=\"widget\" data-widget_type=\"spacer.default\">\n\t\t\t\t<div class=\"elementor-widget-container\">\n\t\t\t\t\t\t\t<div class=\"elementor-spacer\">\n\t\t\t<div class=\"elementor-spacer-inner\"><\/div>\n\t\t<\/div>\n\t\t\t\t\t\t<\/div>\n\t\t\t\t<\/div>\n\t\t\t\t\t<\/div>\n\t\t<\/div>\n\t\t\t\t\t<\/div>\n\t\t<\/section>\n\t\t\t\t<section class=\"elementor-section elementor-top-section elementor-element elementor-element-346d25f elementor-section-boxed elementor-section-height-default elementor-section-height-default\" data-id=\"346d25f\" data-element_type=\"section\" data-e-type=\"section\">\n\t\t\t\t\t\t<div class=\"elementor-container elementor-column-gap-default\">\n\t\t\t\t\t<div class=\"elementor-column elementor-col-100 elementor-top-column elementor-element elementor-element-209efae\" data-id=\"209efae\" data-element_type=\"column\" data-e-type=\"column\">\n\t\t\t<div class=\"elementor-widget-wrap elementor-element-populated\">\n\t\t\t\t\t\t<div class=\"elementor-element elementor-element-3e70b9b elementor-widget elementor-widget-text-editor\" data-id=\"3e70b9b\" data-element_type=\"widget\" data-e-type=\"widget\" data-widget_type=\"text-editor.default\">\n\t\t\t\t<div class=\"elementor-widget-container\">\n\t\t\t\t\t\t\t\t\t<div dir=\"auto\"><strong>Lasse Gundlach M<\/strong><\/div><div dir=\"auto\">haderte beim G\u00f6ttinger Fr\u00fchlings-Werfertag etwas mit dem stumpfen Hammerwurfring. Als Sieger schleuderte er das Ger\u00e4t gute 52,08m, das diesj\u00e4hrige Ziel des Lehramtsstudenten sind 58m. Dr\u00fccken wir ihm die Daumen. In G\u00f6ttingen hatte er- bedingt durch den Unisport &#8211; Beschwerden bei den Sprunggelenken.<\/div>\t\t\t\t\t\t\t\t<\/div>\n\t\t\t\t<\/div>\n\t\t\t\t\t<\/div>\n\t\t<\/div>\n\t\t\t\t\t<\/div>\n\t\t<\/section>\n\t\t\t\t<section class=\"elementor-section elementor-top-section elementor-element elementor-element-ef4b3ad elementor-section-boxed elementor-section-height-default elementor-section-height-default\" data-id=\"ef4b3ad\" data-element_type=\"section\" data-e-type=\"section\">\n\t\t\t\t\t\t<div class=\"elementor-container elementor-column-gap-default\">\n\t\t\t\t\t<div class=\"elementor-column elementor-col-100 elementor-top-column elementor-element elementor-element-36ce1ba\" data-id=\"36ce1ba\" data-element_type=\"column\" data-e-type=\"column\">\n\t\t\t<div class=\"elementor-widget-wrap elementor-element-populated\">\n\t\t\t\t\t\t<div class=\"elementor-element elementor-element-5599f5d elementor-widget elementor-widget-image\" data-id=\"5599f5d\" data-element_type=\"widget\" data-e-type=\"widget\" data-widget_type=\"image.default\">\n\t\t\t\t<div class=\"elementor-widget-container\">\n\t\t\t\t\t\t\t\t\t\t\t\t\t\t\t<img loading=\"lazy\" decoding=\"async\" width=\"640\" height=\"296\" src=\"https:\/\/sscvellmar.de\/wp\/wp-content\/uploads\/2023\/04\/Bildschirmfoto-2023-05-09-um-23.20.47-e1687984984832-1024x473.jpg\" class=\"attachment-large size-large wp-image-6035\" alt=\"\" srcset=\"https:\/\/sscvellmar.de\/wp\/wp-content\/uploads\/2023\/04\/Bildschirmfoto-2023-05-09-um-23.20.47-e1687984984832-1024x473.jpg 1024w, https:\/\/sscvellmar.de\/wp\/wp-content\/uploads\/2023\/04\/Bildschirmfoto-2023-05-09-um-23.20.47-e1687984984832-300x139.jpg 300w, https:\/\/sscvellmar.de\/wp\/wp-content\/uploads\/2023\/04\/Bildschirmfoto-2023-05-09-um-23.20.47-e1687984984832-768x355.jpg 768w, https:\/\/sscvellmar.de\/wp\/wp-content\/uploads\/2023\/04\/Bildschirmfoto-2023-05-09-um-23.20.47-e1687984984832.jpg 1305w\" sizes=\"(max-width: 640px) 100vw, 640px\" \/>\t\t\t\t\t\t\t\t\t\t\t\t\t\t\t<\/div>\n\t\t\t\t<\/div>\n\t\t\t\t\t<\/div>\n\t\t<\/div>\n\t\t\t\t\t<\/div>\n\t\t<\/section>\n\t\t\t\t<section class=\"elementor-section elementor-top-section elementor-element elementor-element-fa2b457 elementor-section-boxed elementor-section-height-default elementor-section-height-default\" data-id=\"fa2b457\" data-element_type=\"section\" data-e-type=\"section\">\n\t\t\t\t\t\t<div class=\"elementor-container elementor-column-gap-default\">\n\t\t\t\t\t<div class=\"elementor-column elementor-col-100 elementor-top-column elementor-element elementor-element-b2f9692\" data-id=\"b2f9692\" data-element_type=\"column\" data-e-type=\"column\">\n\t\t\t<div class=\"elementor-widget-wrap elementor-element-populated\">\n\t\t\t\t\t\t<div class=\"elementor-element elementor-element-809b42e elementor-widget elementor-widget-spacer\" data-id=\"809b42e\" data-element_type=\"widget\" data-e-type=\"widget\" data-widget_type=\"spacer.default\">\n\t\t\t\t<div class=\"elementor-widget-container\">\n\t\t\t\t\t\t\t<div class=\"elementor-spacer\">\n\t\t\t<div class=\"elementor-spacer-inner\"><\/div>\n\t\t<\/div>\n\t\t\t\t\t\t<\/div>\n\t\t\t\t<\/div>\n\t\t\t\t\t<\/div>\n\t\t<\/div>\n\t\t\t\t\t<\/div>\n\t\t<\/section>\n\t\t\t\t<section class=\"elementor-section elementor-top-section elementor-element elementor-element-9167207 elementor-section-boxed elementor-section-height-default elementor-section-height-default\" data-id=\"9167207\" data-element_type=\"section\" data-e-type=\"section\">\n\t\t\t\t\t\t<div class=\"elementor-container elementor-column-gap-default\">\n\t\t\t\t\t<div class=\"elementor-column elementor-col-100 elementor-top-column elementor-element elementor-element-379fe65\" data-id=\"379fe65\" data-element_type=\"column\" data-e-type=\"column\">\n\t\t\t<div class=\"elementor-widget-wrap elementor-element-populated\">\n\t\t\t\t\t\t<div class=\"elementor-element elementor-element-e17cfdb elementor-widget elementor-widget-text-editor\" data-id=\"e17cfdb\" data-element_type=\"widget\" data-e-type=\"widget\" data-widget_type=\"text-editor.default\">\n\t\t\t\t<div class=\"elementor-widget-container\">\n\t\t\t\t\t\t\t\t\t<p><strong>Ergebnisspiegel:<\/strong><\/p><p><strong>Maja Trittel W15<\/strong><\/p><p>Kugel. 9,77m pers. Bestleistung (Freiluft), Platz 1<\/p><p>Diskus 31,02m per. Bestleistung, Platz 1<\/p><p>Speer 39,87m pers. Bestleistung + Vereinsrekord W15, Platz 1<\/p><p>Hammer 23,50m Platz 2<\/p><p>\u00a0<\/p><p>\u00a0<\/p><p><strong>Dana Ziegler WU18<\/strong><\/p><p>Kugel \u00a09,15m, Platz 2<\/p><p>Diskus \u00a020,12m, Platz 1<\/p><p>Speer 25,07m, Platz 1<\/p><p>Hammer 19,39m, Platz 1<\/p><p>\u00a0<\/p><p>\u00a0<\/p><p><strong>Merle Utermarck<\/strong><\/p><p>Kugel \u00a09,13m, Platz 1<\/p><p>Speer 30,16m, Platz 1<\/p><p>\u00a0<\/p><p>\u00a0<\/p><p><strong>Carmen Krug W50<\/strong><\/p><p>Kugel 10,82m, Platz 1<\/p><p>Diskus \u00a030,21m, Platz 1<\/p><p>Hammer 41,33m , Platz 1<\/p><p><strong>Karin Reitemeier W55<\/strong>\u00a0<\/p><p>Diskus 23,50m, Platz1<\/p><p>Speer 26,98m, Platz 1<\/p><p>Hammer 37,58m, Platz 1<strong>\u00a0<\/strong><\/p><p><strong>Lasse Gundlach M<\/strong><\/p><p>Hammer 52,08m, Platz 1<\/p><p>\u00a0<\/p><p>\u00a0<\/p><p><strong>Gerhard Niemeyer M80<\/strong><\/p><p>Kugel 9,21m, Platz 2\u00a0<\/p><p>Diskus 25,47m, Platz 1<\/p><p>Speer 26,16m, Platz 1<\/p><p>Hammer 26,48m, Platz 1<\/p>\t\t\t\t\t\t\t\t<\/div>\n\t\t\t\t<\/div>\n\t\t\t\t\t<\/div>\n\t\t<\/div>\n\t\t\t\t\t<\/div>\n\t\t<\/section>\n\t\t\t\t<\/div>\n\t\t","protected":false},"excerpt":{"rendered":"<p>SSCer trumpfen mit tollen Weiten auf! 18 Tagessiege! Maja Trittel W15 Speer 39,87m!!!&nbsp;(13cm bis zur DM Norm) Lasse Gundlach M Hammer 52,08m!Carmen Krug W50 Hammer 41,33m Previous image Next image [&hellip;]<\/p>\n","protected":false},"author":5,"featured_media":5668,"comment_status":"closed","ping_status":"open","sticky":false,"template":"","format":"standard","meta":{"footnotes":""},"categories":[5],"tags":[],"class_list":["post-5663","post","type-post","status-publish","format-standard","has-post-thumbnail","hentry","category-leichtathletik"],"yoast_head":"<!-- This site is optimized with the Yoast SEO plugin v27.4 - https:\/\/yoast.com\/product\/yoast-seo-wordpress\/ -->\n<title>29.04.23 Werfertag in G\u00f6ttingen - SSC Vellmar LA+RKS+LSW Kalender<\/title>\n<meta name=\"robots\" content=\"index, follow, max-snippet:-1, max-image-preview:large, max-video-preview:-1\" \/>\n<link rel=\"canonical\" href=\"https:\/\/sscvellmar.de\/wp\/2023\/04\/29-04-23-werfertag-in-goettingen\/\" \/>\n<meta property=\"og:locale\" content=\"de_DE\" \/>\n<meta property=\"og:type\" content=\"article\" \/>\n<meta property=\"og:title\" content=\"29.04.23 Werfertag in G\u00f6ttingen - SSC Vellmar LA+RKS+LSW Kalender\" \/>\n<meta property=\"og:description\" content=\"SSCer trumpfen mit tollen Weiten auf! 18 Tagessiege! Maja Trittel W15 Speer 39,87m!!!&nbsp;(13cm bis zur DM Norm) Lasse Gundlach M Hammer 52,08m!Carmen Krug W50 Hammer 41,33m Previous image Next image [&hellip;]\" \/>\n<meta property=\"og:url\" content=\"https:\/\/sscvellmar.de\/wp\/2023\/04\/29-04-23-werfertag-in-goettingen\/\" \/>\n<meta property=\"og:site_name\" content=\"SSC Vellmar LA+RKS+LSW Kalender\" \/>\n<meta property=\"article:published_time\" content=\"2023-04-30T08:33:04+00:00\" \/>\n<meta property=\"article:modified_time\" content=\"2023-05-09T21:23:34+00:00\" \/>\n<meta property=\"og:image\" content=\"https:\/\/sscvellmar.de\/wp\/wp-content\/uploads\/2023\/04\/IMG_4988.jpg\" \/>\n\t<meta property=\"og:image:width\" content=\"1284\" \/>\n\t<meta property=\"og:image:height\" content=\"1512\" \/>\n\t<meta property=\"og:image:type\" content=\"image\/jpeg\" \/>\n<meta name=\"author\" content=\"Carmen T.\" \/>\n<meta name=\"twitter:card\" content=\"summary_large_image\" \/>\n<meta name=\"twitter:label1\" content=\"Verfasst von\" \/>\n\t<meta name=\"twitter:data1\" content=\"Carmen T.\" \/>\n\t<meta name=\"twitter:label2\" content=\"Gesch\u00e4tzte Lesezeit\" \/>\n\t<meta name=\"twitter:data2\" content=\"8\u00a0Minuten\" \/>\n<script type=\"application\/ld+json\" class=\"yoast-schema-graph\">{\"@context\":\"https:\\\/\\\/schema.org\",\"@graph\":[{\"@type\":\"Article\",\"@id\":\"https:\\\/\\\/sscvellmar.de\\\/wp\\\/2023\\\/04\\\/29-04-23-werfertag-in-goettingen\\\/#article\",\"isPartOf\":{\"@id\":\"https:\\\/\\\/sscvellmar.de\\\/wp\\\/2023\\\/04\\\/29-04-23-werfertag-in-goettingen\\\/\"},\"author\":{\"name\":\"Carmen T.\",\"@id\":\"https:\\\/\\\/sscvellmar.de\\\/wp\\\/#\\\/schema\\\/person\\\/8c61269e9b29912048c39c53318424ce\"},\"headline\":\"29.04.23 Werfertag in G\u00f6ttingen\",\"datePublished\":\"2023-04-30T08:33:04+00:00\",\"dateModified\":\"2023-05-09T21:23:34+00:00\",\"mainEntityOfPage\":{\"@id\":\"https:\\\/\\\/sscvellmar.de\\\/wp\\\/2023\\\/04\\\/29-04-23-werfertag-in-goettingen\\\/\"},\"wordCount\":674,\"publisher\":{\"@id\":\"https:\\\/\\\/sscvellmar.de\\\/wp\\\/#organization\"},\"image\":{\"@id\":\"https:\\\/\\\/sscvellmar.de\\\/wp\\\/2023\\\/04\\\/29-04-23-werfertag-in-goettingen\\\/#primaryimage\"},\"thumbnailUrl\":\"https:\\\/\\\/sscvellmar.de\\\/wp\\\/wp-content\\\/uploads\\\/2023\\\/04\\\/IMG_4988.jpg\",\"articleSection\":[\"NEWS Leichtathletik+ RKS+ LSW\"],\"inLanguage\":\"de\"},{\"@type\":\"WebPage\",\"@id\":\"https:\\\/\\\/sscvellmar.de\\\/wp\\\/2023\\\/04\\\/29-04-23-werfertag-in-goettingen\\\/\",\"url\":\"https:\\\/\\\/sscvellmar.de\\\/wp\\\/2023\\\/04\\\/29-04-23-werfertag-in-goettingen\\\/\",\"name\":\"29.04.23 Werfertag in G\u00f6ttingen - SSC Vellmar LA+RKS+LSW Kalender\",\"isPartOf\":{\"@id\":\"https:\\\/\\\/sscvellmar.de\\\/wp\\\/#website\"},\"primaryImageOfPage\":{\"@id\":\"https:\\\/\\\/sscvellmar.de\\\/wp\\\/2023\\\/04\\\/29-04-23-werfertag-in-goettingen\\\/#primaryimage\"},\"image\":{\"@id\":\"https:\\\/\\\/sscvellmar.de\\\/wp\\\/2023\\\/04\\\/29-04-23-werfertag-in-goettingen\\\/#primaryimage\"},\"thumbnailUrl\":\"https:\\\/\\\/sscvellmar.de\\\/wp\\\/wp-content\\\/uploads\\\/2023\\\/04\\\/IMG_4988.jpg\",\"datePublished\":\"2023-04-30T08:33:04+00:00\",\"dateModified\":\"2023-05-09T21:23:34+00:00\",\"breadcrumb\":{\"@id\":\"https:\\\/\\\/sscvellmar.de\\\/wp\\\/2023\\\/04\\\/29-04-23-werfertag-in-goettingen\\\/#breadcrumb\"},\"inLanguage\":\"de\",\"potentialAction\":[{\"@type\":\"ReadAction\",\"target\":[\"https:\\\/\\\/sscvellmar.de\\\/wp\\\/2023\\\/04\\\/29-04-23-werfertag-in-goettingen\\\/\"]}]},{\"@type\":\"ImageObject\",\"inLanguage\":\"de\",\"@id\":\"https:\\\/\\\/sscvellmar.de\\\/wp\\\/2023\\\/04\\\/29-04-23-werfertag-in-goettingen\\\/#primaryimage\",\"url\":\"https:\\\/\\\/sscvellmar.de\\\/wp\\\/wp-content\\\/uploads\\\/2023\\\/04\\\/IMG_4988.jpg\",\"contentUrl\":\"https:\\\/\\\/sscvellmar.de\\\/wp\\\/wp-content\\\/uploads\\\/2023\\\/04\\\/IMG_4988.jpg\",\"width\":1284,\"height\":1512},{\"@type\":\"BreadcrumbList\",\"@id\":\"https:\\\/\\\/sscvellmar.de\\\/wp\\\/2023\\\/04\\\/29-04-23-werfertag-in-goettingen\\\/#breadcrumb\",\"itemListElement\":[{\"@type\":\"ListItem\",\"position\":1,\"name\":\"Startseite\",\"item\":\"https:\\\/\\\/sscvellmar.de\\\/wp\\\/\"},{\"@type\":\"ListItem\",\"position\":2,\"name\":\"29.04.23 Werfertag in G\u00f6ttingen\"}]},{\"@type\":\"WebSite\",\"@id\":\"https:\\\/\\\/sscvellmar.de\\\/wp\\\/#website\",\"url\":\"https:\\\/\\\/sscvellmar.de\\\/wp\\\/\",\"name\":\"SSC Vellmar LA+RKS+LSW Kalender\",\"description\":\"SSC Vellmar von 1973 e.V.\",\"publisher\":{\"@id\":\"https:\\\/\\\/sscvellmar.de\\\/wp\\\/#organization\"},\"potentialAction\":[{\"@type\":\"SearchAction\",\"target\":{\"@type\":\"EntryPoint\",\"urlTemplate\":\"https:\\\/\\\/sscvellmar.de\\\/wp\\\/?s={search_term_string}\"},\"query-input\":{\"@type\":\"PropertyValueSpecification\",\"valueRequired\":true,\"valueName\":\"search_term_string\"}}],\"inLanguage\":\"de\"},{\"@type\":\"Organization\",\"@id\":\"https:\\\/\\\/sscvellmar.de\\\/wp\\\/#organization\",\"name\":\"SSC Vellmar LA+RKS+LSW Kalender\",\"url\":\"https:\\\/\\\/sscvellmar.de\\\/wp\\\/\",\"logo\":{\"@type\":\"ImageObject\",\"inLanguage\":\"de\",\"@id\":\"https:\\\/\\\/sscvellmar.de\\\/wp\\\/#\\\/schema\\\/logo\\\/image\\\/\",\"url\":\"https:\\\/\\\/sscvellmar.de\\\/wp\\\/wp-content\\\/uploads\\\/2024\\\/12\\\/Bild.heic\",\"contentUrl\":\"https:\\\/\\\/sscvellmar.de\\\/wp\\\/wp-content\\\/uploads\\\/2024\\\/12\\\/Bild.heic\",\"caption\":\"SSC Vellmar LA+RKS+LSW Kalender\"},\"image\":{\"@id\":\"https:\\\/\\\/sscvellmar.de\\\/wp\\\/#\\\/schema\\\/logo\\\/image\\\/\"}},{\"@type\":\"Person\",\"@id\":\"https:\\\/\\\/sscvellmar.de\\\/wp\\\/#\\\/schema\\\/person\\\/8c61269e9b29912048c39c53318424ce\",\"name\":\"Carmen T.\",\"image\":{\"@type\":\"ImageObject\",\"inLanguage\":\"de\",\"@id\":\"https:\\\/\\\/secure.gravatar.com\\\/avatar\\\/44569c05fe11e8c35b2686476404a7ab56458c2f87fe972d473fc5c53aabba35?s=96&d=mm&r=g\",\"url\":\"https:\\\/\\\/secure.gravatar.com\\\/avatar\\\/44569c05fe11e8c35b2686476404a7ab56458c2f87fe972d473fc5c53aabba35?s=96&d=mm&r=g\",\"contentUrl\":\"https:\\\/\\\/secure.gravatar.com\\\/avatar\\\/44569c05fe11e8c35b2686476404a7ab56458c2f87fe972d473fc5c53aabba35?s=96&d=mm&r=g\",\"caption\":\"Carmen T.\"},\"url\":\"https:\\\/\\\/sscvellmar.de\\\/wp\\\/author\\\/carmen\\\/\"}]}<\/script>\n<!-- \/ Yoast SEO plugin. -->","yoast_head_json":{"title":"29.04.23 Werfertag in G\u00f6ttingen - SSC Vellmar LA+RKS+LSW Kalender","robots":{"index":"index","follow":"follow","max-snippet":"max-snippet:-1","max-image-preview":"max-image-preview:large","max-video-preview":"max-video-preview:-1"},"canonical":"https:\/\/sscvellmar.de\/wp\/2023\/04\/29-04-23-werfertag-in-goettingen\/","og_locale":"de_DE","og_type":"article","og_title":"29.04.23 Werfertag in G\u00f6ttingen - SSC Vellmar LA+RKS+LSW Kalender","og_description":"SSCer trumpfen mit tollen Weiten auf! 18 Tagessiege! Maja Trittel W15 Speer 39,87m!!!&nbsp;(13cm bis zur DM Norm) Lasse Gundlach M Hammer 52,08m!Carmen Krug W50 Hammer 41,33m Previous image Next image [&hellip;]","og_url":"https:\/\/sscvellmar.de\/wp\/2023\/04\/29-04-23-werfertag-in-goettingen\/","og_site_name":"SSC Vellmar LA+RKS+LSW Kalender","article_published_time":"2023-04-30T08:33:04+00:00","article_modified_time":"2023-05-09T21:23:34+00:00","og_image":[{"width":1284,"height":1512,"url":"https:\/\/sscvellmar.de\/wp\/wp-content\/uploads\/2023\/04\/IMG_4988.jpg","type":"image\/jpeg"}],"author":"Carmen T.","twitter_card":"summary_large_image","twitter_misc":{"Verfasst von":"Carmen T.","Gesch\u00e4tzte Lesezeit":"8\u00a0Minuten"},"schema":{"@context":"https:\/\/schema.org","@graph":[{"@type":"Article","@id":"https:\/\/sscvellmar.de\/wp\/2023\/04\/29-04-23-werfertag-in-goettingen\/#article","isPartOf":{"@id":"https:\/\/sscvellmar.de\/wp\/2023\/04\/29-04-23-werfertag-in-goettingen\/"},"author":{"name":"Carmen T.","@id":"https:\/\/sscvellmar.de\/wp\/#\/schema\/person\/8c61269e9b29912048c39c53318424ce"},"headline":"29.04.23 Werfertag in G\u00f6ttingen","datePublished":"2023-04-30T08:33:04+00:00","dateModified":"2023-05-09T21:23:34+00:00","mainEntityOfPage":{"@id":"https:\/\/sscvellmar.de\/wp\/2023\/04\/29-04-23-werfertag-in-goettingen\/"},"wordCount":674,"publisher":{"@id":"https:\/\/sscvellmar.de\/wp\/#organization"},"image":{"@id":"https:\/\/sscvellmar.de\/wp\/2023\/04\/29-04-23-werfertag-in-goettingen\/#primaryimage"},"thumbnailUrl":"https:\/\/sscvellmar.de\/wp\/wp-content\/uploads\/2023\/04\/IMG_4988.jpg","articleSection":["NEWS Leichtathletik+ RKS+ LSW"],"inLanguage":"de"},{"@type":"WebPage","@id":"https:\/\/sscvellmar.de\/wp\/2023\/04\/29-04-23-werfertag-in-goettingen\/","url":"https:\/\/sscvellmar.de\/wp\/2023\/04\/29-04-23-werfertag-in-goettingen\/","name":"29.04.23 Werfertag in G\u00f6ttingen - SSC Vellmar LA+RKS+LSW Kalender","isPartOf":{"@id":"https:\/\/sscvellmar.de\/wp\/#website"},"primaryImageOfPage":{"@id":"https:\/\/sscvellmar.de\/wp\/2023\/04\/29-04-23-werfertag-in-goettingen\/#primaryimage"},"image":{"@id":"https:\/\/sscvellmar.de\/wp\/2023\/04\/29-04-23-werfertag-in-goettingen\/#primaryimage"},"thumbnailUrl":"https:\/\/sscvellmar.de\/wp\/wp-content\/uploads\/2023\/04\/IMG_4988.jpg","datePublished":"2023-04-30T08:33:04+00:00","dateModified":"2023-05-09T21:23:34+00:00","breadcrumb":{"@id":"https:\/\/sscvellmar.de\/wp\/2023\/04\/29-04-23-werfertag-in-goettingen\/#breadcrumb"},"inLanguage":"de","potentialAction":[{"@type":"ReadAction","target":["https:\/\/sscvellmar.de\/wp\/2023\/04\/29-04-23-werfertag-in-goettingen\/"]}]},{"@type":"ImageObject","inLanguage":"de","@id":"https:\/\/sscvellmar.de\/wp\/2023\/04\/29-04-23-werfertag-in-goettingen\/#primaryimage","url":"https:\/\/sscvellmar.de\/wp\/wp-content\/uploads\/2023\/04\/IMG_4988.jpg","contentUrl":"https:\/\/sscvellmar.de\/wp\/wp-content\/uploads\/2023\/04\/IMG_4988.jpg","width":1284,"height":1512},{"@type":"BreadcrumbList","@id":"https:\/\/sscvellmar.de\/wp\/2023\/04\/29-04-23-werfertag-in-goettingen\/#breadcrumb","itemListElement":[{"@type":"ListItem","position":1,"name":"Startseite","item":"https:\/\/sscvellmar.de\/wp\/"},{"@type":"ListItem","position":2,"name":"29.04.23 Werfertag in G\u00f6ttingen"}]},{"@type":"WebSite","@id":"https:\/\/sscvellmar.de\/wp\/#website","url":"https:\/\/sscvellmar.de\/wp\/","name":"SSC Vellmar LA+RKS+LSW Kalender","description":"SSC Vellmar von 1973 e.V.","publisher":{"@id":"https:\/\/sscvellmar.de\/wp\/#organization"},"potentialAction":[{"@type":"SearchAction","target":{"@type":"EntryPoint","urlTemplate":"https:\/\/sscvellmar.de\/wp\/?s={search_term_string}"},"query-input":{"@type":"PropertyValueSpecification","valueRequired":true,"valueName":"search_term_string"}}],"inLanguage":"de"},{"@type":"Organization","@id":"https:\/\/sscvellmar.de\/wp\/#organization","name":"SSC Vellmar LA+RKS+LSW Kalender","url":"https:\/\/sscvellmar.de\/wp\/","logo":{"@type":"ImageObject","inLanguage":"de","@id":"https:\/\/sscvellmar.de\/wp\/#\/schema\/logo\/image\/","url":"https:\/\/sscvellmar.de\/wp\/wp-content\/uploads\/2024\/12\/Bild.heic","contentUrl":"https:\/\/sscvellmar.de\/wp\/wp-content\/uploads\/2024\/12\/Bild.heic","caption":"SSC Vellmar LA+RKS+LSW Kalender"},"image":{"@id":"https:\/\/sscvellmar.de\/wp\/#\/schema\/logo\/image\/"}},{"@type":"Person","@id":"https:\/\/sscvellmar.de\/wp\/#\/schema\/person\/8c61269e9b29912048c39c53318424ce","name":"Carmen T.","image":{"@type":"ImageObject","inLanguage":"de","@id":"https:\/\/secure.gravatar.com\/avatar\/44569c05fe11e8c35b2686476404a7ab56458c2f87fe972d473fc5c53aabba35?s=96&d=mm&r=g","url":"https:\/\/secure.gravatar.com\/avatar\/44569c05fe11e8c35b2686476404a7ab56458c2f87fe972d473fc5c53aabba35?s=96&d=mm&r=g","contentUrl":"https:\/\/secure.gravatar.com\/avatar\/44569c05fe11e8c35b2686476404a7ab56458c2f87fe972d473fc5c53aabba35?s=96&d=mm&r=g","caption":"Carmen T."},"url":"https:\/\/sscvellmar.de\/wp\/author\/carmen\/"}]}},"_links":{"self":[{"href":"https:\/\/sscvellmar.de\/wp\/wp-json\/wp\/v2\/posts\/5663","targetHints":{"allow":["GET"]}}],"collection":[{"href":"https:\/\/sscvellmar.de\/wp\/wp-json\/wp\/v2\/posts"}],"about":[{"href":"https:\/\/sscvellmar.de\/wp\/wp-json\/wp\/v2\/types\/post"}],"author":[{"embeddable":true,"href":"https:\/\/sscvellmar.de\/wp\/wp-json\/wp\/v2\/users\/5"}],"replies":[{"embeddable":true,"href":"https:\/\/sscvellmar.de\/wp\/wp-json\/wp\/v2\/comments?post=5663"}],"version-history":[{"count":86,"href":"https:\/\/sscvellmar.de\/wp\/wp-json\/wp\/v2\/posts\/5663\/revisions"}],"predecessor-version":[{"id":6048,"href":"https:\/\/sscvellmar.de\/wp\/wp-json\/wp\/v2\/posts\/5663\/revisions\/6048"}],"wp:featuredmedia":[{"embeddable":true,"href":"https:\/\/sscvellmar.de\/wp\/wp-json\/wp\/v2\/media\/5668"}],"wp:attachment":[{"href":"https:\/\/sscvellmar.de\/wp\/wp-json\/wp\/v2\/media?parent=5663"}],"wp:term":[{"taxonomy":"category","embeddable":true,"href":"https:\/\/sscvellmar.de\/wp\/wp-json\/wp\/v2\/categories?post=5663"},{"taxonomy":"post_tag","embeddable":true,"href":"https:\/\/sscvellmar.de\/wp\/wp-json\/wp\/v2\/tags?post=5663"}],"curies":[{"name":"wp","href":"https:\/\/api.w.org\/{rel}","templated":true}]}}