{"id":6696,"date":"2023-06-03T20:10:51","date_gmt":"2023-06-03T18:10:51","guid":{"rendered":"https:\/\/sscvellmar.de\/wp\/?p=6696"},"modified":"2023-06-06T23:19:15","modified_gmt":"2023-06-06T21:19:15","slug":"03-06-23-nordrhein-meisterschaften-in-moenchengladbach","status":"publish","type":"post","link":"https:\/\/sscvellmar.de\/wp\/2023\/06\/03-06-23-nordrhein-meisterschaften-in-moenchengladbach\/","title":{"rendered":"03.06.23 Nordrhein Meisterschaften in M\u00f6nchengladbach"},"content":{"rendered":"<h2>Karin Reitemeier auch in M\u00f6nchengladbach erfolgreich!<\/h2>\n<p><strong>Karin Reitemeier W55<\/strong> startete &#8222;au\u00dfer Wertung&#8220; Bein den Nordrhein Seniorenmeisterschaften in M\u00f6nchengladbach &#8211; hier werden dieses Jahr auch die Deutschen Seniorenmeisterschaften statt finden.<br \/>\nKarin konnte bis vor Kurzem, aufgrund einer Verletzung, etliche Wochen kein normales Lauftraining absolvieren. Sehr erfreulich daher die 100m Zeit von 14,96s und aktuelle Saisonbestleistung. Beim Weitsprung gewohnt gute 4,24m, hier fehlt jetzt mal der &#8222;Ausrutscher nach oben&#8220;.<br \/>\nIm Kugelsto\u00dfen lief es besser als bei den letzten Wettk\u00e4mpfen &#8211; mit 9,70m. Nach dem Speerwurf von \u00fcber 30m, warf Karin in M\u00f6nchengladbach gute 28,24m.<\/p>\n<p>&nbsp;<\/p>\n<p>&nbsp;<\/p>\n","protected":false},"excerpt":{"rendered":"<p>Karin Reitemeier auch in M\u00f6nchengladbach erfolgreich! Karin Reitemeier W55 startete &#8222;au\u00dfer Wertung&#8220; Bein den Nordrhein Seniorenmeisterschaften in M\u00f6nchengladbach &#8211; hier werden dieses Jahr auch die Deutschen Seniorenmeisterschaften statt finden. Karin [&hellip;]<\/p>\n","protected":false},"author":5,"featured_media":6093,"comment_status":"closed","ping_status":"open","sticky":false,"template":"","format":"standard","meta":{"footnotes":""},"categories":[5],"tags":[],"class_list":["post-6696","post","type-post","status-publish","format-standard","has-post-thumbnail","hentry","category-leichtathletik"],"yoast_head":"<!-- This site is optimized with the Yoast SEO plugin v27.5 - https:\/\/yoast.com\/product\/yoast-seo-wordpress\/ -->\n<title>03.06.23 Nordrhein Meisterschaften in M\u00f6nchengladbach - SSC Vellmar LA+RKS+LSW Kalender<\/title>\n<meta name=\"robots\" content=\"index, follow, max-snippet:-1, max-image-preview:large, max-video-preview:-1\" \/>\n<link rel=\"canonical\" href=\"https:\/\/sscvellmar.de\/wp\/2023\/06\/03-06-23-nordrhein-meisterschaften-in-moenchengladbach\/\" \/>\n<meta property=\"og:locale\" content=\"de_DE\" \/>\n<meta property=\"og:type\" content=\"article\" \/>\n<meta property=\"og:title\" content=\"03.06.23 Nordrhein Meisterschaften in M\u00f6nchengladbach - SSC Vellmar LA+RKS+LSW Kalender\" \/>\n<meta property=\"og:description\" content=\"Karin Reitemeier auch in M\u00f6nchengladbach erfolgreich! Karin Reitemeier W55 startete &#8222;au\u00dfer Wertung&#8220; Bein den Nordrhein Seniorenmeisterschaften in M\u00f6nchengladbach &#8211; hier werden dieses Jahr auch die Deutschen Seniorenmeisterschaften statt finden. Karin [&hellip;]\" \/>\n<meta property=\"og:url\" content=\"https:\/\/sscvellmar.de\/wp\/2023\/06\/03-06-23-nordrhein-meisterschaften-in-moenchengladbach\/\" \/>\n<meta property=\"og:site_name\" content=\"SSC Vellmar LA+RKS+LSW Kalender\" \/>\n<meta property=\"article:published_time\" content=\"2023-06-03T18:10:51+00:00\" \/>\n<meta property=\"article:modified_time\" content=\"2023-06-06T21:19:15+00:00\" \/>\n<meta property=\"og:image\" content=\"https:\/\/sscvellmar.de\/wp\/wp-content\/uploads\/2023\/05\/IMG_4FFC690DE929-1-747x1024.jpeg\" \/>\n\t<meta property=\"og:image:width\" content=\"747\" \/>\n\t<meta property=\"og:image:height\" content=\"1024\" \/>\n\t<meta property=\"og:image:type\" content=\"image\/jpeg\" \/>\n<meta name=\"author\" content=\"Carmen T.\" \/>\n<meta name=\"twitter:card\" content=\"summary_large_image\" \/>\n<meta name=\"twitter:label1\" content=\"Verfasst von\" \/>\n\t<meta name=\"twitter:data1\" content=\"Carmen T.\" \/>\n\t<meta name=\"twitter:label2\" content=\"Gesch\u00e4tzte Lesezeit\" \/>\n\t<meta name=\"twitter:data2\" content=\"1\u00a0Minute\" \/>\n<script type=\"application\/ld+json\" class=\"yoast-schema-graph\">{\"@context\":\"https:\\\/\\\/schema.org\",\"@graph\":[{\"@type\":\"Article\",\"@id\":\"https:\\\/\\\/sscvellmar.de\\\/wp\\\/2023\\\/06\\\/03-06-23-nordrhein-meisterschaften-in-moenchengladbach\\\/#article\",\"isPartOf\":{\"@id\":\"https:\\\/\\\/sscvellmar.de\\\/wp\\\/2023\\\/06\\\/03-06-23-nordrhein-meisterschaften-in-moenchengladbach\\\/\"},\"author\":{\"name\":\"Carmen T.\",\"@id\":\"https:\\\/\\\/sscvellmar.de\\\/wp\\\/#\\\/schema\\\/person\\\/8c61269e9b29912048c39c53318424ce\"},\"headline\":\"03.06.23 Nordrhein Meisterschaften in M\u00f6nchengladbach\",\"datePublished\":\"2023-06-03T18:10:51+00:00\",\"dateModified\":\"2023-06-06T21:19:15+00:00\",\"mainEntityOfPage\":{\"@id\":\"https:\\\/\\\/sscvellmar.de\\\/wp\\\/2023\\\/06\\\/03-06-23-nordrhein-meisterschaften-in-moenchengladbach\\\/\"},\"wordCount\":105,\"publisher\":{\"@id\":\"https:\\\/\\\/sscvellmar.de\\\/wp\\\/#organization\"},\"image\":{\"@id\":\"https:\\\/\\\/sscvellmar.de\\\/wp\\\/2023\\\/06\\\/03-06-23-nordrhein-meisterschaften-in-moenchengladbach\\\/#primaryimage\"},\"thumbnailUrl\":\"https:\\\/\\\/sscvellmar.de\\\/wp\\\/wp-content\\\/uploads\\\/2023\\\/05\\\/IMG_4FFC690DE929-1-e1695557773861.jpeg\",\"articleSection\":[\"NEWS Leichtathletik+ RKS+ LSW\"],\"inLanguage\":\"de\"},{\"@type\":\"WebPage\",\"@id\":\"https:\\\/\\\/sscvellmar.de\\\/wp\\\/2023\\\/06\\\/03-06-23-nordrhein-meisterschaften-in-moenchengladbach\\\/\",\"url\":\"https:\\\/\\\/sscvellmar.de\\\/wp\\\/2023\\\/06\\\/03-06-23-nordrhein-meisterschaften-in-moenchengladbach\\\/\",\"name\":\"03.06.23 Nordrhein Meisterschaften in M\u00f6nchengladbach - SSC Vellmar LA+RKS+LSW Kalender\",\"isPartOf\":{\"@id\":\"https:\\\/\\\/sscvellmar.de\\\/wp\\\/#website\"},\"primaryImageOfPage\":{\"@id\":\"https:\\\/\\\/sscvellmar.de\\\/wp\\\/2023\\\/06\\\/03-06-23-nordrhein-meisterschaften-in-moenchengladbach\\\/#primaryimage\"},\"image\":{\"@id\":\"https:\\\/\\\/sscvellmar.de\\\/wp\\\/2023\\\/06\\\/03-06-23-nordrhein-meisterschaften-in-moenchengladbach\\\/#primaryimage\"},\"thumbnailUrl\":\"https:\\\/\\\/sscvellmar.de\\\/wp\\\/wp-content\\\/uploads\\\/2023\\\/05\\\/IMG_4FFC690DE929-1-e1695557773861.jpeg\",\"datePublished\":\"2023-06-03T18:10:51+00:00\",\"dateModified\":\"2023-06-06T21:19:15+00:00\",\"breadcrumb\":{\"@id\":\"https:\\\/\\\/sscvellmar.de\\\/wp\\\/2023\\\/06\\\/03-06-23-nordrhein-meisterschaften-in-moenchengladbach\\\/#breadcrumb\"},\"inLanguage\":\"de\",\"potentialAction\":[{\"@type\":\"ReadAction\",\"target\":[\"https:\\\/\\\/sscvellmar.de\\\/wp\\\/2023\\\/06\\\/03-06-23-nordrhein-meisterschaften-in-moenchengladbach\\\/\"]}]},{\"@type\":\"ImageObject\",\"inLanguage\":\"de\",\"@id\":\"https:\\\/\\\/sscvellmar.de\\\/wp\\\/2023\\\/06\\\/03-06-23-nordrhein-meisterschaften-in-moenchengladbach\\\/#primaryimage\",\"url\":\"https:\\\/\\\/sscvellmar.de\\\/wp\\\/wp-content\\\/uploads\\\/2023\\\/05\\\/IMG_4FFC690DE929-1-e1695557773861.jpeg\",\"contentUrl\":\"https:\\\/\\\/sscvellmar.de\\\/wp\\\/wp-content\\\/uploads\\\/2023\\\/05\\\/IMG_4FFC690DE929-1-e1695557773861.jpeg\",\"width\":584,\"height\":624},{\"@type\":\"BreadcrumbList\",\"@id\":\"https:\\\/\\\/sscvellmar.de\\\/wp\\\/2023\\\/06\\\/03-06-23-nordrhein-meisterschaften-in-moenchengladbach\\\/#breadcrumb\",\"itemListElement\":[{\"@type\":\"ListItem\",\"position\":1,\"name\":\"Startseite\",\"item\":\"https:\\\/\\\/sscvellmar.de\\\/wp\\\/\"},{\"@type\":\"ListItem\",\"position\":2,\"name\":\"03.06.23 Nordrhein Meisterschaften in M\u00f6nchengladbach\"}]},{\"@type\":\"WebSite\",\"@id\":\"https:\\\/\\\/sscvellmar.de\\\/wp\\\/#website\",\"url\":\"https:\\\/\\\/sscvellmar.de\\\/wp\\\/\",\"name\":\"SSC Vellmar LA+RKS+LSW Kalender\",\"description\":\"SSC Vellmar von 1973 e.V.\",\"publisher\":{\"@id\":\"https:\\\/\\\/sscvellmar.de\\\/wp\\\/#organization\"},\"potentialAction\":[{\"@type\":\"SearchAction\",\"target\":{\"@type\":\"EntryPoint\",\"urlTemplate\":\"https:\\\/\\\/sscvellmar.de\\\/wp\\\/?s={search_term_string}\"},\"query-input\":{\"@type\":\"PropertyValueSpecification\",\"valueRequired\":true,\"valueName\":\"search_term_string\"}}],\"inLanguage\":\"de\"},{\"@type\":\"Organization\",\"@id\":\"https:\\\/\\\/sscvellmar.de\\\/wp\\\/#organization\",\"name\":\"SSC Vellmar LA+RKS+LSW Kalender\",\"url\":\"https:\\\/\\\/sscvellmar.de\\\/wp\\\/\",\"logo\":{\"@type\":\"ImageObject\",\"inLanguage\":\"de\",\"@id\":\"https:\\\/\\\/sscvellmar.de\\\/wp\\\/#\\\/schema\\\/logo\\\/image\\\/\",\"url\":\"https:\\\/\\\/sscvellmar.de\\\/wp\\\/wp-content\\\/uploads\\\/2024\\\/12\\\/Bild.heic\",\"contentUrl\":\"https:\\\/\\\/sscvellmar.de\\\/wp\\\/wp-content\\\/uploads\\\/2024\\\/12\\\/Bild.heic\",\"caption\":\"SSC Vellmar LA+RKS+LSW Kalender\"},\"image\":{\"@id\":\"https:\\\/\\\/sscvellmar.de\\\/wp\\\/#\\\/schema\\\/logo\\\/image\\\/\"}},{\"@type\":\"Person\",\"@id\":\"https:\\\/\\\/sscvellmar.de\\\/wp\\\/#\\\/schema\\\/person\\\/8c61269e9b29912048c39c53318424ce\",\"name\":\"Carmen T.\",\"image\":{\"@type\":\"ImageObject\",\"inLanguage\":\"de\",\"@id\":\"https:\\\/\\\/secure.gravatar.com\\\/avatar\\\/44569c05fe11e8c35b2686476404a7ab56458c2f87fe972d473fc5c53aabba35?s=96&d=mm&r=g\",\"url\":\"https:\\\/\\\/secure.gravatar.com\\\/avatar\\\/44569c05fe11e8c35b2686476404a7ab56458c2f87fe972d473fc5c53aabba35?s=96&d=mm&r=g\",\"contentUrl\":\"https:\\\/\\\/secure.gravatar.com\\\/avatar\\\/44569c05fe11e8c35b2686476404a7ab56458c2f87fe972d473fc5c53aabba35?s=96&d=mm&r=g\",\"caption\":\"Carmen T.\"},\"url\":\"https:\\\/\\\/sscvellmar.de\\\/wp\\\/author\\\/carmen\\\/\"}]}<\/script>\n<!-- \/ Yoast SEO plugin. -->","yoast_head_json":{"title":"03.06.23 Nordrhein Meisterschaften in M\u00f6nchengladbach - SSC Vellmar LA+RKS+LSW Kalender","robots":{"index":"index","follow":"follow","max-snippet":"max-snippet:-1","max-image-preview":"max-image-preview:large","max-video-preview":"max-video-preview:-1"},"canonical":"https:\/\/sscvellmar.de\/wp\/2023\/06\/03-06-23-nordrhein-meisterschaften-in-moenchengladbach\/","og_locale":"de_DE","og_type":"article","og_title":"03.06.23 Nordrhein Meisterschaften in M\u00f6nchengladbach - SSC Vellmar LA+RKS+LSW Kalender","og_description":"Karin Reitemeier auch in M\u00f6nchengladbach erfolgreich! Karin Reitemeier W55 startete &#8222;au\u00dfer Wertung&#8220; Bein den Nordrhein Seniorenmeisterschaften in M\u00f6nchengladbach &#8211; hier werden dieses Jahr auch die Deutschen Seniorenmeisterschaften statt finden. Karin [&hellip;]","og_url":"https:\/\/sscvellmar.de\/wp\/2023\/06\/03-06-23-nordrhein-meisterschaften-in-moenchengladbach\/","og_site_name":"SSC Vellmar LA+RKS+LSW Kalender","article_published_time":"2023-06-03T18:10:51+00:00","article_modified_time":"2023-06-06T21:19:15+00:00","og_image":[{"width":747,"height":1024,"url":"https:\/\/sscvellmar.de\/wp\/wp-content\/uploads\/2023\/05\/IMG_4FFC690DE929-1-747x1024.jpeg","type":"image\/jpeg"}],"author":"Carmen T.","twitter_card":"summary_large_image","twitter_misc":{"Verfasst von":"Carmen T.","Gesch\u00e4tzte Lesezeit":"1\u00a0Minute"},"schema":{"@context":"https:\/\/schema.org","@graph":[{"@type":"Article","@id":"https:\/\/sscvellmar.de\/wp\/2023\/06\/03-06-23-nordrhein-meisterschaften-in-moenchengladbach\/#article","isPartOf":{"@id":"https:\/\/sscvellmar.de\/wp\/2023\/06\/03-06-23-nordrhein-meisterschaften-in-moenchengladbach\/"},"author":{"name":"Carmen T.","@id":"https:\/\/sscvellmar.de\/wp\/#\/schema\/person\/8c61269e9b29912048c39c53318424ce"},"headline":"03.06.23 Nordrhein Meisterschaften in M\u00f6nchengladbach","datePublished":"2023-06-03T18:10:51+00:00","dateModified":"2023-06-06T21:19:15+00:00","mainEntityOfPage":{"@id":"https:\/\/sscvellmar.de\/wp\/2023\/06\/03-06-23-nordrhein-meisterschaften-in-moenchengladbach\/"},"wordCount":105,"publisher":{"@id":"https:\/\/sscvellmar.de\/wp\/#organization"},"image":{"@id":"https:\/\/sscvellmar.de\/wp\/2023\/06\/03-06-23-nordrhein-meisterschaften-in-moenchengladbach\/#primaryimage"},"thumbnailUrl":"https:\/\/sscvellmar.de\/wp\/wp-content\/uploads\/2023\/05\/IMG_4FFC690DE929-1-e1695557773861.jpeg","articleSection":["NEWS Leichtathletik+ RKS+ LSW"],"inLanguage":"de"},{"@type":"WebPage","@id":"https:\/\/sscvellmar.de\/wp\/2023\/06\/03-06-23-nordrhein-meisterschaften-in-moenchengladbach\/","url":"https:\/\/sscvellmar.de\/wp\/2023\/06\/03-06-23-nordrhein-meisterschaften-in-moenchengladbach\/","name":"03.06.23 Nordrhein Meisterschaften in M\u00f6nchengladbach - SSC Vellmar LA+RKS+LSW Kalender","isPartOf":{"@id":"https:\/\/sscvellmar.de\/wp\/#website"},"primaryImageOfPage":{"@id":"https:\/\/sscvellmar.de\/wp\/2023\/06\/03-06-23-nordrhein-meisterschaften-in-moenchengladbach\/#primaryimage"},"image":{"@id":"https:\/\/sscvellmar.de\/wp\/2023\/06\/03-06-23-nordrhein-meisterschaften-in-moenchengladbach\/#primaryimage"},"thumbnailUrl":"https:\/\/sscvellmar.de\/wp\/wp-content\/uploads\/2023\/05\/IMG_4FFC690DE929-1-e1695557773861.jpeg","datePublished":"2023-06-03T18:10:51+00:00","dateModified":"2023-06-06T21:19:15+00:00","breadcrumb":{"@id":"https:\/\/sscvellmar.de\/wp\/2023\/06\/03-06-23-nordrhein-meisterschaften-in-moenchengladbach\/#breadcrumb"},"inLanguage":"de","potentialAction":[{"@type":"ReadAction","target":["https:\/\/sscvellmar.de\/wp\/2023\/06\/03-06-23-nordrhein-meisterschaften-in-moenchengladbach\/"]}]},{"@type":"ImageObject","inLanguage":"de","@id":"https:\/\/sscvellmar.de\/wp\/2023\/06\/03-06-23-nordrhein-meisterschaften-in-moenchengladbach\/#primaryimage","url":"https:\/\/sscvellmar.de\/wp\/wp-content\/uploads\/2023\/05\/IMG_4FFC690DE929-1-e1695557773861.jpeg","contentUrl":"https:\/\/sscvellmar.de\/wp\/wp-content\/uploads\/2023\/05\/IMG_4FFC690DE929-1-e1695557773861.jpeg","width":584,"height":624},{"@type":"BreadcrumbList","@id":"https:\/\/sscvellmar.de\/wp\/2023\/06\/03-06-23-nordrhein-meisterschaften-in-moenchengladbach\/#breadcrumb","itemListElement":[{"@type":"ListItem","position":1,"name":"Startseite","item":"https:\/\/sscvellmar.de\/wp\/"},{"@type":"ListItem","position":2,"name":"03.06.23 Nordrhein Meisterschaften in M\u00f6nchengladbach"}]},{"@type":"WebSite","@id":"https:\/\/sscvellmar.de\/wp\/#website","url":"https:\/\/sscvellmar.de\/wp\/","name":"SSC Vellmar LA+RKS+LSW Kalender","description":"SSC Vellmar von 1973 e.V.","publisher":{"@id":"https:\/\/sscvellmar.de\/wp\/#organization"},"potentialAction":[{"@type":"SearchAction","target":{"@type":"EntryPoint","urlTemplate":"https:\/\/sscvellmar.de\/wp\/?s={search_term_string}"},"query-input":{"@type":"PropertyValueSpecification","valueRequired":true,"valueName":"search_term_string"}}],"inLanguage":"de"},{"@type":"Organization","@id":"https:\/\/sscvellmar.de\/wp\/#organization","name":"SSC Vellmar LA+RKS+LSW Kalender","url":"https:\/\/sscvellmar.de\/wp\/","logo":{"@type":"ImageObject","inLanguage":"de","@id":"https:\/\/sscvellmar.de\/wp\/#\/schema\/logo\/image\/","url":"https:\/\/sscvellmar.de\/wp\/wp-content\/uploads\/2024\/12\/Bild.heic","contentUrl":"https:\/\/sscvellmar.de\/wp\/wp-content\/uploads\/2024\/12\/Bild.heic","caption":"SSC Vellmar LA+RKS+LSW Kalender"},"image":{"@id":"https:\/\/sscvellmar.de\/wp\/#\/schema\/logo\/image\/"}},{"@type":"Person","@id":"https:\/\/sscvellmar.de\/wp\/#\/schema\/person\/8c61269e9b29912048c39c53318424ce","name":"Carmen T.","image":{"@type":"ImageObject","inLanguage":"de","@id":"https:\/\/secure.gravatar.com\/avatar\/44569c05fe11e8c35b2686476404a7ab56458c2f87fe972d473fc5c53aabba35?s=96&d=mm&r=g","url":"https:\/\/secure.gravatar.com\/avatar\/44569c05fe11e8c35b2686476404a7ab56458c2f87fe972d473fc5c53aabba35?s=96&d=mm&r=g","contentUrl":"https:\/\/secure.gravatar.com\/avatar\/44569c05fe11e8c35b2686476404a7ab56458c2f87fe972d473fc5c53aabba35?s=96&d=mm&r=g","caption":"Carmen T."},"url":"https:\/\/sscvellmar.de\/wp\/author\/carmen\/"}]}},"_links":{"self":[{"href":"https:\/\/sscvellmar.de\/wp\/wp-json\/wp\/v2\/posts\/6696","targetHints":{"allow":["GET"]}}],"collection":[{"href":"https:\/\/sscvellmar.de\/wp\/wp-json\/wp\/v2\/posts"}],"about":[{"href":"https:\/\/sscvellmar.de\/wp\/wp-json\/wp\/v2\/types\/post"}],"author":[{"embeddable":true,"href":"https:\/\/sscvellmar.de\/wp\/wp-json\/wp\/v2\/users\/5"}],"replies":[{"embeddable":true,"href":"https:\/\/sscvellmar.de\/wp\/wp-json\/wp\/v2\/comments?post=6696"}],"version-history":[{"count":1,"href":"https:\/\/sscvellmar.de\/wp\/wp-json\/wp\/v2\/posts\/6696\/revisions"}],"predecessor-version":[{"id":6697,"href":"https:\/\/sscvellmar.de\/wp\/wp-json\/wp\/v2\/posts\/6696\/revisions\/6697"}],"wp:featuredmedia":[{"embeddable":true,"href":"https:\/\/sscvellmar.de\/wp\/wp-json\/wp\/v2\/media\/6093"}],"wp:attachment":[{"href":"https:\/\/sscvellmar.de\/wp\/wp-json\/wp\/v2\/media?parent=6696"}],"wp:term":[{"taxonomy":"category","embeddable":true,"href":"https:\/\/sscvellmar.de\/wp\/wp-json\/wp\/v2\/categories?post=6696"},{"taxonomy":"post_tag","embeddable":true,"href":"https:\/\/sscvellmar.de\/wp\/wp-json\/wp\/v2\/tags?post=6696"}],"curies":[{"name":"wp","href":"https:\/\/api.w.org\/{rel}","templated":true}]}}