{"id":6883,"date":"2023-06-24T20:00:42","date_gmt":"2023-06-24T18:00:42","guid":{"rendered":"https:\/\/sscvellmar.de\/wp\/?p=6883"},"modified":"2023-07-02T12:21:17","modified_gmt":"2023-07-02T10:21:17","slug":"24-06-23-offene-thueringische-meisterschaften","status":"publish","type":"post","link":"https:\/\/sscvellmar.de\/wp\/2023\/06\/24-06-23-offene-thueringische-meisterschaften\/","title":{"rendered":"24.06.23 Offene Th\u00fcringische Meisterschaften"},"content":{"rendered":"\t\t<div data-elementor-type=\"wp-post\" data-elementor-id=\"6883\" class=\"elementor elementor-6883\">\n\t\t\t\t\t\t<section class=\"elementor-section elementor-top-section elementor-element elementor-element-ec93cfa elementor-section-boxed elementor-section-height-default elementor-section-height-default\" data-id=\"ec93cfa\" data-element_type=\"section\" data-e-type=\"section\">\n\t\t\t\t\t\t<div class=\"elementor-container elementor-column-gap-default\">\n\t\t\t\t\t<div class=\"elementor-column elementor-col-100 elementor-top-column elementor-element elementor-element-744187d\" data-id=\"744187d\" data-element_type=\"column\" data-e-type=\"column\">\n\t\t\t<div class=\"elementor-widget-wrap elementor-element-populated\">\n\t\t\t\t\t\t<div class=\"elementor-element elementor-element-db53399 elementor-widget__width-initial elementor-widget elementor-widget-text-editor\" data-id=\"db53399\" data-element_type=\"widget\" data-e-type=\"widget\" data-widget_type=\"text-editor.default\">\n\t\t\t\t<div class=\"elementor-widget-container\">\n\t\t\t\t\t\t\t\t\t<p>Voll abgesahnt haben unsere Leichtathletik-SeniorInnen bei den offenen th\u00fcringischen Meisterschaften in Zella-Mehlis. Jeder der f\u00fcnf Aktiven konnte in seiner Altersklasse mindestens einen Titel- oder Vizetitel mitnehmen. Ausgetragen in der Arena \u201eSch\u00f6ne Aussicht\u201c wurde bei eitel Sonnenschein viel gelaufen, gesprungen und geworfen. \u00a0Karin musste auf Grund des ge\u00e4nderten Zeitplans und der Verschiebungen am Wettkampftag den angedachten 7-Kampf auf einen 5-Kampf reduzieren. Mit drei Titeln und dem Weitsprung von 4,50m war nicht nur sie sehr zufrieden. Einzig mit dem Hammerwurf aus dem extrem rauhen Ring haderten hier alle SSC-lerInnen. Auch bei Diskus ist in Zella-Mehlis noch keinem SSCler bisher ein guter Wurf gelungen. Hier konnte sich Sabine knapp vor Karin setzen. Hendrik holte hier den Titel mit f\u00fcr ihn m\u00e4\u00dfiger Leistung, das gleiche machte Hartmut im Hammerwurf. Daf\u00fcr boten im Speerwurf unsere beiden Amazonen ein sehr gutes Bild. Reiner verfehlte seine Wunschweite im Hammer von 30m nur knapp.<\/p><p>Alle waren am Ende froh \u00fcber einen sehr sch\u00f6nen Wettkampftag mit manchem Sonnenbrand auf Grund des leider fehlenden Schattens an den Wettkampfst\u00e4tten. Aber Organisation und Verpflegung waren wieder super.<\/p>\t\t\t\t\t\t\t\t<\/div>\n\t\t\t\t<\/div>\n\t\t\t\t<div class=\"elementor-element elementor-element-140953f elementor-arrows-position-inside elementor-pagination-position-outside elementor-widget elementor-widget-image-carousel\" data-id=\"140953f\" data-element_type=\"widget\" data-e-type=\"widget\" data-settings=\"{&quot;navigation&quot;:&quot;both&quot;,&quot;autoplay&quot;:&quot;yes&quot;,&quot;pause_on_hover&quot;:&quot;yes&quot;,&quot;pause_on_interaction&quot;:&quot;yes&quot;,&quot;autoplay_speed&quot;:5000,&quot;infinite&quot;:&quot;yes&quot;,&quot;speed&quot;:500}\" data-widget_type=\"image-carousel.default\">\n\t\t\t\t<div class=\"elementor-widget-container\">\n\t\t\t\t\t\t\t<div class=\"elementor-image-carousel-wrapper swiper\" role=\"region\" aria-roledescription=\"carousel\" aria-label=\"Bild Karussell\" dir=\"ltr\">\n\t\t\t<div class=\"elementor-image-carousel swiper-wrapper\" aria-live=\"off\">\n\t\t\t\t\t\t\t\t<div class=\"swiper-slide\" role=\"group\" aria-roledescription=\"slide\" aria-label=\"1 von 9\"><figure class=\"swiper-slide-inner\"><img decoding=\"async\" class=\"swiper-slide-image\" src=\"https:\/\/sscvellmar.de\/wp\/wp-content\/uploads\/2023\/06\/2023-04-06-M55-Speer-1-224x300.jpg\" alt=\"Hammer M55\" \/><\/figure><\/div><div class=\"swiper-slide\" role=\"group\" aria-roledescription=\"slide\" aria-label=\"2 von 9\"><figure class=\"swiper-slide-inner\"><img decoding=\"async\" class=\"swiper-slide-image\" src=\"https:\/\/sscvellmar.de\/wp\/wp-content\/uploads\/2023\/06\/2023-06-24-M55-Diskus-224x300.jpg\" alt=\"Diskus M55\" \/><\/figure><\/div><div class=\"swiper-slide\" role=\"group\" aria-roledescription=\"slide\" aria-label=\"3 von 9\"><figure class=\"swiper-slide-inner\"><img decoding=\"async\" class=\"swiper-slide-image\" src=\"https:\/\/sscvellmar.de\/wp\/wp-content\/uploads\/2023\/06\/2023-06-24-M65-Diskus-224x300.jpg\" alt=\"Diskus M65\" \/><\/figure><\/div><div class=\"swiper-slide\" role=\"group\" aria-roledescription=\"slide\" aria-label=\"4 von 9\"><figure class=\"swiper-slide-inner\"><img decoding=\"async\" class=\"swiper-slide-image\" src=\"https:\/\/sscvellmar.de\/wp\/wp-content\/uploads\/2023\/06\/2023-06-24-M65-Hammer-224x300.jpg\" alt=\"Hammer M65\" \/><\/figure><\/div><div class=\"swiper-slide\" role=\"group\" aria-roledescription=\"slide\" aria-label=\"5 von 9\"><figure class=\"swiper-slide-inner\"><img decoding=\"async\" class=\"swiper-slide-image\" src=\"https:\/\/sscvellmar.de\/wp\/wp-content\/uploads\/2023\/06\/2023-06-24-M65-Kugel-300x224.jpg\" alt=\"Kugel M65\" \/><\/figure><\/div><div class=\"swiper-slide\" role=\"group\" aria-roledescription=\"slide\" aria-label=\"6 von 9\"><figure class=\"swiper-slide-inner\"><img decoding=\"async\" class=\"swiper-slide-image\" src=\"https:\/\/sscvellmar.de\/wp\/wp-content\/uploads\/2023\/06\/2023-06-24-W55-Hammer-225x300.jpg\" alt=\"Diskus W55\" \/><\/figure><\/div><div class=\"swiper-slide\" role=\"group\" aria-roledescription=\"slide\" aria-label=\"7 von 9\"><figure class=\"swiper-slide-inner\"><img decoding=\"async\" class=\"swiper-slide-image\" src=\"https:\/\/sscvellmar.de\/wp\/wp-content\/uploads\/2023\/06\/2023-06-24-W55-Kugel-300x224.jpg\" alt=\"Kugel W55\" \/><\/figure><\/div><div class=\"swiper-slide\" role=\"group\" aria-roledescription=\"slide\" aria-label=\"8 von 9\"><figure class=\"swiper-slide-inner\"><img decoding=\"async\" class=\"swiper-slide-image\" src=\"https:\/\/sscvellmar.de\/wp\/wp-content\/uploads\/2023\/06\/2023-06-24-W55-Speer-224x300.jpg\" alt=\"Hammer W55\" \/><\/figure><\/div><div class=\"swiper-slide\" role=\"group\" aria-roledescription=\"slide\" aria-label=\"9 von 9\"><figure class=\"swiper-slide-inner\"><img decoding=\"async\" class=\"swiper-slide-image\" src=\"https:\/\/sscvellmar.de\/wp\/wp-content\/uploads\/2023\/06\/2023-06-24-W-Speer-alle-300x224.jpg\" alt=\"Speer weiblich alle\" \/><\/figure><\/div>\t\t\t<\/div>\n\t\t\t\t\t\t\t\t\t\t\t\t<div class=\"elementor-swiper-button elementor-swiper-button-prev\" role=\"button\" tabindex=\"0\">\n\t\t\t\t\t\t<i aria-hidden=\"true\" class=\"eicon-chevron-left\"><\/i>\t\t\t\t\t<\/div>\n\t\t\t\t\t<div class=\"elementor-swiper-button elementor-swiper-button-next\" role=\"button\" tabindex=\"0\">\n\t\t\t\t\t\t<i aria-hidden=\"true\" class=\"eicon-chevron-right\"><\/i>\t\t\t\t\t<\/div>\n\t\t\t\t\n\t\t\t\t\t\t\t\t\t<div class=\"swiper-pagination\"><\/div>\n\t\t\t\t\t\t\t\t\t<\/div>\n\t\t\t\t\t\t<\/div>\n\t\t\t\t<\/div>\n\t\t\t\t<div class=\"elementor-element elementor-element-01bf0e4 elementor-widget elementor-widget-text-editor\" data-id=\"01bf0e4\" data-element_type=\"widget\" data-e-type=\"widget\" data-widget_type=\"text-editor.default\">\n\t\t\t\t<div class=\"elementor-widget-container\">\n\t\t\t\t\t\t\t\t\t<table width=\"599\"><tbody><tr><td width=\"119\"><p><strong>Name<\/strong><\/p><\/td><td width=\"80\"><p><strong>Altersklasse<\/strong><\/p><\/td><td width=\"80\"><p><strong>Kugel<\/strong><\/p><\/td><td width=\"80\"><p><strong>Diskus<\/strong><\/p><\/td><td width=\"80\"><p><strong>Hammer<\/strong><\/p><\/td><td width=\"80\"><p><strong>Speer<\/strong><\/p><\/td><td width=\"80\"><p><strong>Weit<\/strong><\/p><\/td><\/tr><tr><td width=\"119\"><p>Riedel, Reiner<\/p><\/td><td width=\"80\"><p>M55<\/p><\/td><td width=\"80\"><p>\u00a0&#8211;<\/p><\/td><td width=\"80\"><p>3. \/21.55m<\/p><\/td><td width=\"80\"><p>2.\/28,61m<\/p><\/td><td width=\"80\"><p>3.\/26,81<\/p><\/td><td width=\"80\"><p>\u00a0&#8211;<\/p><\/td><\/tr><tr><td width=\"119\"><p>Schaak, Hendrik<\/p><\/td><td width=\"80\"><p>M65<\/p><\/td><td width=\"80\"><p>1.\/12,30m<\/p><\/td><td width=\"80\"><p>1.\/34,59m<\/p><\/td><td width=\"80\"><p>2.\/33,15m<\/p><\/td><td width=\"80\"><p>\u00a0&#8211;<\/p><\/td><td width=\"80\"><p>\u00a0&#8211;<\/p><\/td><\/tr><tr><td width=\"119\"><p>Nuschke, Hartmut<\/p><\/td><td width=\"80\"><p>M65<\/p><\/td><td width=\"80\"><p>\u00a0&#8211;<\/p><\/td><td width=\"80\"><p>4.\/31,79m<\/p><\/td><td width=\"80\"><p>1.\/3810m<\/p><\/td><td width=\"80\"><p>\u00a0&#8211;<\/p><\/td><td width=\"80\"><p>\u00a0&#8211;<\/p><\/td><\/tr><tr><td width=\"119\"><p>Reitemeier, Karin<\/p><\/td><td width=\"80\"><p>W55<\/p><\/td><td width=\"80\"><p>2.\/9,54m<\/p><\/td><td width=\"80\"><p>2.\/24,40m<\/p><\/td><td width=\"80\"><p>1.\/37,50m<\/p><\/td><td width=\"80\"><p>1.\/28,42m<\/p><\/td><td width=\"80\"><p>1.\/4,50m<\/p><\/td><\/tr><tr><td width=\"119\"><p>Nies, Sabine<\/p><\/td><td width=\"80\"><p>W55<\/p><\/td><td width=\"80\"><p>3.\/7,85m<\/p><\/td><td width=\"80\"><p>1.\/24,52m<\/p><\/td><td width=\"80\"><p>2,\/32,04m<\/p><\/td><td width=\"80\"><p>2.\/25,81m<\/p><\/td><td width=\"80\"><p>\u00a0&#8211;<\/p><\/td><\/tr><\/tbody><\/table>\t\t\t\t\t\t\t\t<\/div>\n\t\t\t\t<\/div>\n\t\t\t\t\t<\/div>\n\t\t<\/div>\n\t\t\t\t\t<\/div>\n\t\t<\/section>\n\t\t\t\t<\/div>\n\t\t","protected":false},"excerpt":{"rendered":"<p>Voll abgesahnt haben unsere Leichtathletik-SeniorInnen bei den offenen th\u00fcringischen Meisterschaften in Zella-Mehlis. Jeder der f\u00fcnf Aktiven konnte in seiner Altersklasse mindestens einen Titel- oder Vizetitel mitnehmen. Ausgetragen in der Arena [&hellip;]<\/p>\n","protected":false},"author":19,"featured_media":6885,"comment_status":"closed","ping_status":"open","sticky":false,"template":"","format":"standard","meta":{"footnotes":""},"categories":[5],"tags":[],"class_list":["post-6883","post","type-post","status-publish","format-standard","has-post-thumbnail","hentry","category-leichtathletik"],"yoast_head":"<!-- This site is optimized with the Yoast SEO plugin v27.5 - https:\/\/yoast.com\/product\/yoast-seo-wordpress\/ -->\n<title>24.06.23 Offene Th\u00fcringische Meisterschaften - SSC Vellmar LA+RKS+LSW Kalender<\/title>\n<meta name=\"robots\" content=\"index, follow, max-snippet:-1, max-image-preview:large, max-video-preview:-1\" \/>\n<link rel=\"canonical\" href=\"https:\/\/sscvellmar.de\/wp\/2023\/06\/24-06-23-offene-thueringische-meisterschaften\/\" \/>\n<meta property=\"og:locale\" content=\"de_DE\" \/>\n<meta property=\"og:type\" content=\"article\" \/>\n<meta property=\"og:title\" content=\"24.06.23 Offene Th\u00fcringische Meisterschaften - SSC Vellmar LA+RKS+LSW Kalender\" \/>\n<meta property=\"og:description\" content=\"Voll abgesahnt haben unsere Leichtathletik-SeniorInnen bei den offenen th\u00fcringischen Meisterschaften in Zella-Mehlis. Jeder der f\u00fcnf Aktiven konnte in seiner Altersklasse mindestens einen Titel- oder Vizetitel mitnehmen. Ausgetragen in der Arena [&hellip;]\" \/>\n<meta property=\"og:url\" content=\"https:\/\/sscvellmar.de\/wp\/2023\/06\/24-06-23-offene-thueringische-meisterschaften\/\" \/>\n<meta property=\"og:site_name\" content=\"SSC Vellmar LA+RKS+LSW Kalender\" \/>\n<meta property=\"article:published_time\" content=\"2023-06-24T18:00:42+00:00\" \/>\n<meta property=\"article:modified_time\" content=\"2023-07-02T10:21:17+00:00\" \/>\n<meta property=\"og:image\" content=\"https:\/\/sscvellmar.de\/wp\/wp-content\/uploads\/2023\/06\/2023-06-24-Beitragsbild1-e1687985017507.jpg\" \/>\n\t<meta property=\"og:image:width\" content=\"1198\" \/>\n\t<meta property=\"og:image:height\" content=\"634\" \/>\n\t<meta property=\"og:image:type\" content=\"image\/jpeg\" \/>\n<meta name=\"author\" content=\"Hartmut Nuschke\" \/>\n<meta name=\"twitter:card\" content=\"summary_large_image\" \/>\n<meta name=\"twitter:label1\" content=\"Verfasst von\" \/>\n\t<meta name=\"twitter:data1\" content=\"Hartmut Nuschke\" \/>\n\t<meta name=\"twitter:label2\" content=\"Gesch\u00e4tzte Lesezeit\" \/>\n\t<meta name=\"twitter:data2\" content=\"4\u00a0Minuten\" \/>\n<script type=\"application\/ld+json\" class=\"yoast-schema-graph\">{\"@context\":\"https:\\\/\\\/schema.org\",\"@graph\":[{\"@type\":\"Article\",\"@id\":\"https:\\\/\\\/sscvellmar.de\\\/wp\\\/2023\\\/06\\\/24-06-23-offene-thueringische-meisterschaften\\\/#article\",\"isPartOf\":{\"@id\":\"https:\\\/\\\/sscvellmar.de\\\/wp\\\/2023\\\/06\\\/24-06-23-offene-thueringische-meisterschaften\\\/\"},\"author\":{\"name\":\"Hartmut Nuschke\",\"@id\":\"https:\\\/\\\/sscvellmar.de\\\/wp\\\/#\\\/schema\\\/person\\\/d2431e5d9a01855ab26307bfe28a252a\"},\"headline\":\"24.06.23 Offene Th\u00fcringische Meisterschaften\",\"datePublished\":\"2023-06-24T18:00:42+00:00\",\"dateModified\":\"2023-07-02T10:21:17+00:00\",\"mainEntityOfPage\":{\"@id\":\"https:\\\/\\\/sscvellmar.de\\\/wp\\\/2023\\\/06\\\/24-06-23-offene-thueringische-meisterschaften\\\/\"},\"wordCount\":233,\"publisher\":{\"@id\":\"https:\\\/\\\/sscvellmar.de\\\/wp\\\/#organization\"},\"image\":{\"@id\":\"https:\\\/\\\/sscvellmar.de\\\/wp\\\/2023\\\/06\\\/24-06-23-offene-thueringische-meisterschaften\\\/#primaryimage\"},\"thumbnailUrl\":\"https:\\\/\\\/sscvellmar.de\\\/wp\\\/wp-content\\\/uploads\\\/2023\\\/06\\\/2023-06-24-Beitragsbild1-e1687985017507.jpg\",\"articleSection\":[\"NEWS Leichtathletik+ RKS+ LSW\"],\"inLanguage\":\"de\"},{\"@type\":\"WebPage\",\"@id\":\"https:\\\/\\\/sscvellmar.de\\\/wp\\\/2023\\\/06\\\/24-06-23-offene-thueringische-meisterschaften\\\/\",\"url\":\"https:\\\/\\\/sscvellmar.de\\\/wp\\\/2023\\\/06\\\/24-06-23-offene-thueringische-meisterschaften\\\/\",\"name\":\"24.06.23 Offene Th\u00fcringische Meisterschaften - SSC Vellmar LA+RKS+LSW Kalender\",\"isPartOf\":{\"@id\":\"https:\\\/\\\/sscvellmar.de\\\/wp\\\/#website\"},\"primaryImageOfPage\":{\"@id\":\"https:\\\/\\\/sscvellmar.de\\\/wp\\\/2023\\\/06\\\/24-06-23-offene-thueringische-meisterschaften\\\/#primaryimage\"},\"image\":{\"@id\":\"https:\\\/\\\/sscvellmar.de\\\/wp\\\/2023\\\/06\\\/24-06-23-offene-thueringische-meisterschaften\\\/#primaryimage\"},\"thumbnailUrl\":\"https:\\\/\\\/sscvellmar.de\\\/wp\\\/wp-content\\\/uploads\\\/2023\\\/06\\\/2023-06-24-Beitragsbild1-e1687985017507.jpg\",\"datePublished\":\"2023-06-24T18:00:42+00:00\",\"dateModified\":\"2023-07-02T10:21:17+00:00\",\"breadcrumb\":{\"@id\":\"https:\\\/\\\/sscvellmar.de\\\/wp\\\/2023\\\/06\\\/24-06-23-offene-thueringische-meisterschaften\\\/#breadcrumb\"},\"inLanguage\":\"de\",\"potentialAction\":[{\"@type\":\"ReadAction\",\"target\":[\"https:\\\/\\\/sscvellmar.de\\\/wp\\\/2023\\\/06\\\/24-06-23-offene-thueringische-meisterschaften\\\/\"]}]},{\"@type\":\"ImageObject\",\"inLanguage\":\"de\",\"@id\":\"https:\\\/\\\/sscvellmar.de\\\/wp\\\/2023\\\/06\\\/24-06-23-offene-thueringische-meisterschaften\\\/#primaryimage\",\"url\":\"https:\\\/\\\/sscvellmar.de\\\/wp\\\/wp-content\\\/uploads\\\/2023\\\/06\\\/2023-06-24-Beitragsbild1-e1687985017507.jpg\",\"contentUrl\":\"https:\\\/\\\/sscvellmar.de\\\/wp\\\/wp-content\\\/uploads\\\/2023\\\/06\\\/2023-06-24-Beitragsbild1-e1687985017507.jpg\",\"width\":1198,\"height\":634},{\"@type\":\"BreadcrumbList\",\"@id\":\"https:\\\/\\\/sscvellmar.de\\\/wp\\\/2023\\\/06\\\/24-06-23-offene-thueringische-meisterschaften\\\/#breadcrumb\",\"itemListElement\":[{\"@type\":\"ListItem\",\"position\":1,\"name\":\"Startseite\",\"item\":\"https:\\\/\\\/sscvellmar.de\\\/wp\\\/\"},{\"@type\":\"ListItem\",\"position\":2,\"name\":\"24.06.23 Offene Th\u00fcringische Meisterschaften\"}]},{\"@type\":\"WebSite\",\"@id\":\"https:\\\/\\\/sscvellmar.de\\\/wp\\\/#website\",\"url\":\"https:\\\/\\\/sscvellmar.de\\\/wp\\\/\",\"name\":\"SSC Vellmar LA+RKS+LSW Kalender\",\"description\":\"SSC Vellmar von 1973 e.V.\",\"publisher\":{\"@id\":\"https:\\\/\\\/sscvellmar.de\\\/wp\\\/#organization\"},\"potentialAction\":[{\"@type\":\"SearchAction\",\"target\":{\"@type\":\"EntryPoint\",\"urlTemplate\":\"https:\\\/\\\/sscvellmar.de\\\/wp\\\/?s={search_term_string}\"},\"query-input\":{\"@type\":\"PropertyValueSpecification\",\"valueRequired\":true,\"valueName\":\"search_term_string\"}}],\"inLanguage\":\"de\"},{\"@type\":\"Organization\",\"@id\":\"https:\\\/\\\/sscvellmar.de\\\/wp\\\/#organization\",\"name\":\"SSC Vellmar LA+RKS+LSW Kalender\",\"url\":\"https:\\\/\\\/sscvellmar.de\\\/wp\\\/\",\"logo\":{\"@type\":\"ImageObject\",\"inLanguage\":\"de\",\"@id\":\"https:\\\/\\\/sscvellmar.de\\\/wp\\\/#\\\/schema\\\/logo\\\/image\\\/\",\"url\":\"https:\\\/\\\/sscvellmar.de\\\/wp\\\/wp-content\\\/uploads\\\/2024\\\/12\\\/Bild.heic\",\"contentUrl\":\"https:\\\/\\\/sscvellmar.de\\\/wp\\\/wp-content\\\/uploads\\\/2024\\\/12\\\/Bild.heic\",\"caption\":\"SSC Vellmar LA+RKS+LSW Kalender\"},\"image\":{\"@id\":\"https:\\\/\\\/sscvellmar.de\\\/wp\\\/#\\\/schema\\\/logo\\\/image\\\/\"}},{\"@type\":\"Person\",\"@id\":\"https:\\\/\\\/sscvellmar.de\\\/wp\\\/#\\\/schema\\\/person\\\/d2431e5d9a01855ab26307bfe28a252a\",\"name\":\"Hartmut Nuschke\",\"image\":{\"@type\":\"ImageObject\",\"inLanguage\":\"de\",\"@id\":\"https:\\\/\\\/secure.gravatar.com\\\/avatar\\\/797cae4a1bf48b151ea164264f0636da1c2b3cd7d1d67048a988e22c7572bdcb?s=96&d=mm&r=g\",\"url\":\"https:\\\/\\\/secure.gravatar.com\\\/avatar\\\/797cae4a1bf48b151ea164264f0636da1c2b3cd7d1d67048a988e22c7572bdcb?s=96&d=mm&r=g\",\"contentUrl\":\"https:\\\/\\\/secure.gravatar.com\\\/avatar\\\/797cae4a1bf48b151ea164264f0636da1c2b3cd7d1d67048a988e22c7572bdcb?s=96&d=mm&r=g\",\"caption\":\"Hartmut Nuschke\"},\"url\":\"https:\\\/\\\/sscvellmar.de\\\/wp\\\/author\\\/hnuschke\\\/\"}]}<\/script>\n<!-- \/ Yoast SEO plugin. -->","yoast_head_json":{"title":"24.06.23 Offene Th\u00fcringische Meisterschaften - SSC Vellmar LA+RKS+LSW Kalender","robots":{"index":"index","follow":"follow","max-snippet":"max-snippet:-1","max-image-preview":"max-image-preview:large","max-video-preview":"max-video-preview:-1"},"canonical":"https:\/\/sscvellmar.de\/wp\/2023\/06\/24-06-23-offene-thueringische-meisterschaften\/","og_locale":"de_DE","og_type":"article","og_title":"24.06.23 Offene Th\u00fcringische Meisterschaften - SSC Vellmar LA+RKS+LSW Kalender","og_description":"Voll abgesahnt haben unsere Leichtathletik-SeniorInnen bei den offenen th\u00fcringischen Meisterschaften in Zella-Mehlis. Jeder der f\u00fcnf Aktiven konnte in seiner Altersklasse mindestens einen Titel- oder Vizetitel mitnehmen. Ausgetragen in der Arena [&hellip;]","og_url":"https:\/\/sscvellmar.de\/wp\/2023\/06\/24-06-23-offene-thueringische-meisterschaften\/","og_site_name":"SSC Vellmar LA+RKS+LSW Kalender","article_published_time":"2023-06-24T18:00:42+00:00","article_modified_time":"2023-07-02T10:21:17+00:00","og_image":[{"width":1198,"height":634,"url":"https:\/\/sscvellmar.de\/wp\/wp-content\/uploads\/2023\/06\/2023-06-24-Beitragsbild1-e1687985017507.jpg","type":"image\/jpeg"}],"author":"Hartmut Nuschke","twitter_card":"summary_large_image","twitter_misc":{"Verfasst von":"Hartmut Nuschke","Gesch\u00e4tzte Lesezeit":"4\u00a0Minuten"},"schema":{"@context":"https:\/\/schema.org","@graph":[{"@type":"Article","@id":"https:\/\/sscvellmar.de\/wp\/2023\/06\/24-06-23-offene-thueringische-meisterschaften\/#article","isPartOf":{"@id":"https:\/\/sscvellmar.de\/wp\/2023\/06\/24-06-23-offene-thueringische-meisterschaften\/"},"author":{"name":"Hartmut Nuschke","@id":"https:\/\/sscvellmar.de\/wp\/#\/schema\/person\/d2431e5d9a01855ab26307bfe28a252a"},"headline":"24.06.23 Offene Th\u00fcringische Meisterschaften","datePublished":"2023-06-24T18:00:42+00:00","dateModified":"2023-07-02T10:21:17+00:00","mainEntityOfPage":{"@id":"https:\/\/sscvellmar.de\/wp\/2023\/06\/24-06-23-offene-thueringische-meisterschaften\/"},"wordCount":233,"publisher":{"@id":"https:\/\/sscvellmar.de\/wp\/#organization"},"image":{"@id":"https:\/\/sscvellmar.de\/wp\/2023\/06\/24-06-23-offene-thueringische-meisterschaften\/#primaryimage"},"thumbnailUrl":"https:\/\/sscvellmar.de\/wp\/wp-content\/uploads\/2023\/06\/2023-06-24-Beitragsbild1-e1687985017507.jpg","articleSection":["NEWS Leichtathletik+ RKS+ LSW"],"inLanguage":"de"},{"@type":"WebPage","@id":"https:\/\/sscvellmar.de\/wp\/2023\/06\/24-06-23-offene-thueringische-meisterschaften\/","url":"https:\/\/sscvellmar.de\/wp\/2023\/06\/24-06-23-offene-thueringische-meisterschaften\/","name":"24.06.23 Offene Th\u00fcringische Meisterschaften - SSC Vellmar LA+RKS+LSW Kalender","isPartOf":{"@id":"https:\/\/sscvellmar.de\/wp\/#website"},"primaryImageOfPage":{"@id":"https:\/\/sscvellmar.de\/wp\/2023\/06\/24-06-23-offene-thueringische-meisterschaften\/#primaryimage"},"image":{"@id":"https:\/\/sscvellmar.de\/wp\/2023\/06\/24-06-23-offene-thueringische-meisterschaften\/#primaryimage"},"thumbnailUrl":"https:\/\/sscvellmar.de\/wp\/wp-content\/uploads\/2023\/06\/2023-06-24-Beitragsbild1-e1687985017507.jpg","datePublished":"2023-06-24T18:00:42+00:00","dateModified":"2023-07-02T10:21:17+00:00","breadcrumb":{"@id":"https:\/\/sscvellmar.de\/wp\/2023\/06\/24-06-23-offene-thueringische-meisterschaften\/#breadcrumb"},"inLanguage":"de","potentialAction":[{"@type":"ReadAction","target":["https:\/\/sscvellmar.de\/wp\/2023\/06\/24-06-23-offene-thueringische-meisterschaften\/"]}]},{"@type":"ImageObject","inLanguage":"de","@id":"https:\/\/sscvellmar.de\/wp\/2023\/06\/24-06-23-offene-thueringische-meisterschaften\/#primaryimage","url":"https:\/\/sscvellmar.de\/wp\/wp-content\/uploads\/2023\/06\/2023-06-24-Beitragsbild1-e1687985017507.jpg","contentUrl":"https:\/\/sscvellmar.de\/wp\/wp-content\/uploads\/2023\/06\/2023-06-24-Beitragsbild1-e1687985017507.jpg","width":1198,"height":634},{"@type":"BreadcrumbList","@id":"https:\/\/sscvellmar.de\/wp\/2023\/06\/24-06-23-offene-thueringische-meisterschaften\/#breadcrumb","itemListElement":[{"@type":"ListItem","position":1,"name":"Startseite","item":"https:\/\/sscvellmar.de\/wp\/"},{"@type":"ListItem","position":2,"name":"24.06.23 Offene Th\u00fcringische Meisterschaften"}]},{"@type":"WebSite","@id":"https:\/\/sscvellmar.de\/wp\/#website","url":"https:\/\/sscvellmar.de\/wp\/","name":"SSC Vellmar LA+RKS+LSW Kalender","description":"SSC Vellmar von 1973 e.V.","publisher":{"@id":"https:\/\/sscvellmar.de\/wp\/#organization"},"potentialAction":[{"@type":"SearchAction","target":{"@type":"EntryPoint","urlTemplate":"https:\/\/sscvellmar.de\/wp\/?s={search_term_string}"},"query-input":{"@type":"PropertyValueSpecification","valueRequired":true,"valueName":"search_term_string"}}],"inLanguage":"de"},{"@type":"Organization","@id":"https:\/\/sscvellmar.de\/wp\/#organization","name":"SSC Vellmar LA+RKS+LSW Kalender","url":"https:\/\/sscvellmar.de\/wp\/","logo":{"@type":"ImageObject","inLanguage":"de","@id":"https:\/\/sscvellmar.de\/wp\/#\/schema\/logo\/image\/","url":"https:\/\/sscvellmar.de\/wp\/wp-content\/uploads\/2024\/12\/Bild.heic","contentUrl":"https:\/\/sscvellmar.de\/wp\/wp-content\/uploads\/2024\/12\/Bild.heic","caption":"SSC Vellmar LA+RKS+LSW Kalender"},"image":{"@id":"https:\/\/sscvellmar.de\/wp\/#\/schema\/logo\/image\/"}},{"@type":"Person","@id":"https:\/\/sscvellmar.de\/wp\/#\/schema\/person\/d2431e5d9a01855ab26307bfe28a252a","name":"Hartmut Nuschke","image":{"@type":"ImageObject","inLanguage":"de","@id":"https:\/\/secure.gravatar.com\/avatar\/797cae4a1bf48b151ea164264f0636da1c2b3cd7d1d67048a988e22c7572bdcb?s=96&d=mm&r=g","url":"https:\/\/secure.gravatar.com\/avatar\/797cae4a1bf48b151ea164264f0636da1c2b3cd7d1d67048a988e22c7572bdcb?s=96&d=mm&r=g","contentUrl":"https:\/\/secure.gravatar.com\/avatar\/797cae4a1bf48b151ea164264f0636da1c2b3cd7d1d67048a988e22c7572bdcb?s=96&d=mm&r=g","caption":"Hartmut Nuschke"},"url":"https:\/\/sscvellmar.de\/wp\/author\/hnuschke\/"}]}},"_links":{"self":[{"href":"https:\/\/sscvellmar.de\/wp\/wp-json\/wp\/v2\/posts\/6883","targetHints":{"allow":["GET"]}}],"collection":[{"href":"https:\/\/sscvellmar.de\/wp\/wp-json\/wp\/v2\/posts"}],"about":[{"href":"https:\/\/sscvellmar.de\/wp\/wp-json\/wp\/v2\/types\/post"}],"author":[{"embeddable":true,"href":"https:\/\/sscvellmar.de\/wp\/wp-json\/wp\/v2\/users\/19"}],"replies":[{"embeddable":true,"href":"https:\/\/sscvellmar.de\/wp\/wp-json\/wp\/v2\/comments?post=6883"}],"version-history":[{"count":19,"href":"https:\/\/sscvellmar.de\/wp\/wp-json\/wp\/v2\/posts\/6883\/revisions"}],"predecessor-version":[{"id":6918,"href":"https:\/\/sscvellmar.de\/wp\/wp-json\/wp\/v2\/posts\/6883\/revisions\/6918"}],"wp:featuredmedia":[{"embeddable":true,"href":"https:\/\/sscvellmar.de\/wp\/wp-json\/wp\/v2\/media\/6885"}],"wp:attachment":[{"href":"https:\/\/sscvellmar.de\/wp\/wp-json\/wp\/v2\/media?parent=6883"}],"wp:term":[{"taxonomy":"category","embeddable":true,"href":"https:\/\/sscvellmar.de\/wp\/wp-json\/wp\/v2\/categories?post=6883"},{"taxonomy":"post_tag","embeddable":true,"href":"https:\/\/sscvellmar.de\/wp\/wp-json\/wp\/v2\/tags?post=6883"}],"curies":[{"name":"wp","href":"https:\/\/api.w.org\/{rel}","templated":true}]}}